{"id":310766,"date":"2024-10-30T11:19:46","date_gmt":"2024-10-30T08:19:46","guid":{"rendered":"https:\/\/sana.sy\/tr\/?p=310766"},"modified":"2024-10-30T19:35:10","modified_gmt":"2024-10-30T16:35:10","slug":"deyr-el-balah-ve-han-yunusun-isgal-bombardimani-sonucu-sehitler-ve-yaralilar","status":"publish","type":"post","link":"https:\/\/archive.sana.sy\/tr\/?p=310766","title":{"rendered":"Deyir El Balah ve Han Yunus&#8217;un \u0130\u015fgal Bombard\u0131man\u0131 Sonucu \u015eehitler ve Yaral\u0131lar"},"content":{"rendered":"<p style=\"text-align: justify;\"><strong>\u0130\u015eGAL ED\u0130LEN KUD\u00dcS (SANA)<\/strong> \u2013 \u0130srail i\u015fgal g\u00fc\u00e7lerinin bug\u00fcn Gazze \u015eeridi&#8217;nin orta kesimindeki Deyir El Balah ve g\u00fcneyindeki Han Yunus kentlerini bombalamas\u0131 sonucu birka\u00e7 Filistinli \u015fehit d\u00fc\u015ft\u00fc, \u00e7ok say\u0131da ki\u015fi de yaraland\u0131.<\/p>\n<p style=\"text-align: justify;\">WAFA Haber Ajans\u0131, i\u015fgal u\u00e7aklar\u0131n\u0131n Deyir El Balah&#8217;ta ve Han Yunus&#8217;un kuzeybat\u0131s\u0131ndaki piramitler b\u00f6lgesinde yerlerinden edilmi\u015f insanlar\u0131n bar\u0131nd\u0131\u011f\u0131 \u00e7ad\u0131rlar\u0131 bombalad\u0131\u011f\u0131n\u0131, bunun \u00e7ok say\u0131da Filistinlinin \u00f6l\u00fcm\u00fcne ve di\u011ferlerinin de yaralanmas\u0131na yol a\u00e7t\u0131\u011f\u0131n\u0131 belirtti.<\/p>\n<p style=\"text-align: justify;\">\u0130\u015fgalci g\u00fc\u00e7lerin\u00a0 Han Yunus&#8217;un \u015eeyh Nas\u0131r b\u00f6lgesinde bir evi bombalamas\u0131 sonucu 3 Filistinli de \u015fehit d\u00fc\u015ft\u00fc.<\/p>\n<p style=\"text-align: justify;\">\u0130\u015fgal g\u00fc\u00e7leri ayr\u0131ca, Gazze \u015fehrinin kuzeyindeki El Saftavi b\u00f6lgesini ve \u015eeridi&#8217;nin g\u00fcneyindeki Refah \u015fehrinin b\u00f6lgelerini hava ve toplarla bombalad\u0131.<\/p>\n<p style=\"text-align: center;\"><strong><a href=\"https:\/\/t.me\/SuriyeArapHaberAjansI\">Telegram Kanal\u0131m\u0131z\u00a0<\/a>||<a href=\"https:\/\/twitter.com\/arap_ajans\">X Platformumuz\u00a0<\/a>||<a href=\"https:\/\/www.facebook.com\/SANAHaberAjansi\/\">Facebook Sayfam\u0131z<\/a><\/strong><\/p>\n","protected":false},"excerpt":{"rendered":"<p>\u0130\u015eGAL ED\u0130LEN KUD\u00dcS (SANA) \u2013 \u0130srail i\u015fgal g\u00fc\u00e7lerinin bug\u00fcn Gazze \u015eeridi&#8217;nin orta kesimindeki Deyir El Balah ve g\u00fcneyindeki Han Yunus kentlerini bombalamas\u0131 sonucu birka\u00e7 Filistinli \u015fehit d\u00fc\u015ft\u00fc, \u00e7ok say\u0131da ki\u015fi de yaraland\u0131. WAFA Haber Ajans\u0131, i\u015fgal u\u00e7aklar\u0131n\u0131n Deyir El Balah&#8217;ta ve Han Yunus&#8217;un kuzeybat\u0131s\u0131ndaki piramitler b\u00f6lgesinde yerlerinden edilmi\u015f insanlar\u0131n bar\u0131nd\u0131\u011f\u0131 \u00e7ad\u0131rlar\u0131 bombalad\u0131\u011f\u0131n\u0131, bunun \u00e7ok say\u0131da &hellip;<\/p>\n","protected":false},"author":36,"featured_media":310767,"comment_status":"closed","ping_status":"closed","sticky":false,"template":"","format":"standard","meta":{"footnotes":""},"categories":[458,559,589,459,17988],"tags":[],"class_list":["post-310766","post","type-post","status-publish","format-standard","has-post-thumbnail","","category-dunya1","category-dunya-basini","category-haber-seridi","category-haberler-arap-uluslararasi-politika","category-son-haberler"],"_links":{"self":[{"href":"https:\/\/archive.sana.sy\/tr\/index.php?rest_route=\/wp\/v2\/posts\/310766","targetHints":{"allow":["GET"]}}],"collection":[{"href":"https:\/\/archive.sana.sy\/tr\/index.php?rest_route=\/wp\/v2\/posts"}],"about":[{"href":"https:\/\/archive.sana.sy\/tr\/index.php?rest_route=\/wp\/v2\/types\/post"}],"author":[{"embeddable":true,"href":"https:\/\/archive.sana.sy\/tr\/index.php?rest_route=\/wp\/v2\/users\/36"}],"replies":[{"embeddable":true,"href":"https:\/\/archive.sana.sy\/tr\/index.php?rest_route=%2Fwp%2Fv2%2Fcomments&post=310766"}],"version-history":[{"count":2,"href":"https:\/\/archive.sana.sy\/tr\/index.php?rest_route=\/wp\/v2\/posts\/310766\/revisions"}],"predecessor-version":[{"id":310808,"href":"https:\/\/archive.sana.sy\/tr\/index.php?rest_route=\/wp\/v2\/posts\/310766\/revisions\/310808"}],"wp:featuredmedia":[{"embeddable":true,"href":"https:\/\/archive.sana.sy\/tr\/index.php?rest_route=\/wp\/v2\/media\/310767"}],"wp:attachment":[{"href":"https:\/\/archive.sana.sy\/tr\/index.php?rest_route=%2Fwp%2Fv2%2Fmedia&parent=310766"}],"wp:term":[{"taxonomy":"category","embeddable":true,"href":"https:\/\/archive.sana.sy\/tr\/index.php?rest_route=%2Fwp%2Fv2%2Fcategories&post=310766"},{"taxonomy":"post_tag","embeddable":true,"href":"https:\/\/archive.sana.sy\/tr\/index.php?rest_route=%2Fwp%2Fv2%2Ftags&post=310766"}],"curies":[{"name":"wp","href":"https:\/\/api.w.org\/{rel}","templated":true}]}}