{"id":310769,"date":"2024-10-30T12:01:26","date_gmt":"2024-10-30T09:01:26","guid":{"rendered":"https:\/\/sana.sy\/tr\/?p=310769"},"modified":"2024-10-31T14:24:38","modified_gmt":"2024-10-31T11:24:38","slug":"bakan-sabbag-belarus-cumhuriyeti-basbakani-ile-minskte-gorustu","status":"publish","type":"post","link":"https:\/\/archive.sana.sy\/tr\/?p=310769","title":{"rendered":"Golovchenko Ve Sabba\u011f, Belarus \u0130le Suriye Aras\u0131ndaki \u0130li\u015fkilerin \u00c7e\u015fitli Y\u00f6nlerini Ve Bunlar\u0131 \u00c7e\u015fitli Alanlarda Geli\u015ftirmenin Yollar\u0131n\u0131 G\u00f6r\u00fc\u015ft\u00fc"},"content":{"rendered":"<p style=\"text-align: justify;\"><strong>M\u0130NSK (SANA) &#8211;<\/strong> Belarus Ba\u015fbakan\u0131 Roman Golovchenko, Minsk&#8217;teki h\u00fck\u00fcmet binas\u0131nda D\u0131\u015fi\u015fleri ve Gubet\u00e7iler Bakan\u0131 Bessam Sabba\u011f ve beraberindeki resmi heyetle iki \u00fclke aras\u0131ndaki ikili ili\u015fkilerin \u00e7e\u015fitli y\u00f6nlerini ve bunlar\u0131 <img loading=\"lazy\" decoding=\"async\" class=\"size-full wp-image-310794 alignright\" src=\"http:\/\/sana.sy\/tr\/wp-content\/uploads\/2024\/10\/11-15-300x185-1.jpg\" alt=\"\" width=\"300\" height=\"185\" \/>\u00e7e\u015fitli alanlarda geli\u015ftirmenin ve geli\u015ftirmenin yollar\u0131n\u0131 g\u00f6r\u00fc\u015ft\u00fc.<\/p>\n<p style=\"text-align: justify;\">Bakan Sabba\u011f, \u00e7e\u015fitli uluslararas\u0131 forumlarda iki \u00fclke aras\u0131ndaki koordinasyonu ve kar\u015f\u0131l\u0131kl\u0131 deste\u011fi ve her d\u00fczeyde ikili i\u015fbirli\u011fini de\u011ferlendirerek,\u00a0 Bat\u0131&#8217;n\u0131n i\u00e7 i\u015flerine kolektif m\u00fcdahale giri\u015fimleri ve onlara dayat\u0131lan tek tarafl\u0131 zorlay\u0131c\u0131 tedbirlerle temsil edilen iki dost \u00fclkenin kar\u015f\u0131 kar\u015f\u0131ya oldu\u011fu ortak zorluklarla y\u00fczle\u015fmenin \u00f6nemine i\u015faret etti.<\/p>\n<p style=\"text-align: justify;\">Golovchenko ise, iki \u00fclke aras\u0131nda imzalanan anla\u015fmalar\u0131n uygulanmas\u0131 da dahil olmak \u00fczere \u00fclkesinin Suriye&#8217;ye verdi\u011fi deste\u011fin devam etti\u011fini ifade ederek, Belarus&#8217;un verdi\u011fi t\u00fcm s\u00f6zleri yerine getirme konusundaki kararl\u0131l\u0131\u011f\u0131n\u0131 vurgulad\u0131.<\/p>\n<p style=\"text-align: justify;\"><img loading=\"lazy\" decoding=\"async\" class=\"size-medium wp-image-310795 alignright\" src=\"http:\/\/sana.sy\/tr\/wp-content\/uploads\/2024\/10\/1-53-300x155.jpg\" alt=\"\" width=\"300\" height=\"155\" srcset=\"https:\/\/archive.sana.sy\/tr\/wp-content\/uploads\/2024\/10\/1-53-300x155.jpg 300w, https:\/\/archive.sana.sy\/tr\/wp-content\/uploads\/2024\/10\/1-53.jpg 660w\" sizes=\"auto, (max-width: 300px) 100vw, 300px\" \/>D\u0131\u015fi\u015fleri ve Gurbet\u00e7iler Bakan\u0131, Suriye-Belarus ortak h\u00fck\u00fcmet komitesinin Belarus taraf\u0131 ba\u015fkan\u0131 Dimitri Pantos ile iki \u00fclke aras\u0131ndaki ikili i\u015fbirli\u011fini g\u00f6r\u00fc\u015fm\u00fc\u015ft\u00fc. \u00a0G\u00f6r\u00fc\u015fmede iki bakan gelecek y\u0131l\u0131n ilk \u00e7eyre\u011finde \u015eam&#8217;da ortak h\u00fck\u00fcmet komitesinin dokuzuncu oturumunun d\u00fczenlenmesine y\u00f6nelik devam eden haz\u0131rl\u0131klar\u0131 g\u00f6zden ge\u00e7irdiler.<\/p>\n<p style=\"text-align: justify;\">\u0130ki \u00fclke aras\u0131ndaki ili\u015fkilerde yeni ufuklar a\u00e7mak ve aralar\u0131ndaki \u00e7e\u015fitli alanlardaki i\u015fbirli\u011fini iki \u00fclke ve iki dost halk\u0131n \u00e7\u0131karlar\u0131na hizmet edecek \u015fekilde geli\u015ftirmek i\u00e7in \u00e7al\u0131\u015f\u0131lmas\u0131 olas\u0131l\u0131\u011f\u0131 konusunda iki taraf\u0131n g\u00f6r\u00fc\u015fleri mutabakata vard\u0131.<\/p>\n<p style=\"text-align: justify;\">D\u00fcn Bakan Sabba\u011f, Belarus D\u0131\u015fi\u015fleri Bakan\u0131 Maxim Rezhenkov ile Minsk&#8217;te bir tart\u0131\u015fma toplant\u0131s\u0131 d\u00fczenleyip, ikili ili\u015fkilerin \u00e7e\u015fitli y\u00f6nlerini ve bunlar\u0131 geli\u015ftirmenin ve g\u00fc\u00e7lendirmenin yollar\u0131n\u0131 masaya yat\u0131rm\u0131\u015ft\u0131lar.<\/p>\n<p style=\"text-align: center;\"><strong><a href=\"https:\/\/t.me\/SuriyeArapHaberAjansI\">Telegram Kanal\u0131m\u0131z\u00a0<\/a>||<a href=\"https:\/\/twitter.com\/arap_ajans\">X Platformumuz\u00a0<\/a>||<a href=\"https:\/\/www.facebook.com\/SANAHaberAjansi\/\">Facebook Sayfam\u0131z<\/a><\/strong><\/p>\n","protected":false},"excerpt":{"rendered":"<p>M\u0130NSK (SANA) &#8211; Belarus Ba\u015fbakan\u0131 Roman Golovchenko, Minsk&#8217;teki h\u00fck\u00fcmet binas\u0131nda D\u0131\u015fi\u015fleri ve Gubet\u00e7iler Bakan\u0131 Bessam Sabba\u011f ve beraberindeki resmi heyetle iki \u00fclke aras\u0131ndaki ikili ili\u015fkilerin \u00e7e\u015fitli y\u00f6nlerini ve bunlar\u0131 \u00e7e\u015fitli alanlarda geli\u015ftirmenin ve geli\u015ftirmenin yollar\u0131n\u0131 g\u00f6r\u00fc\u015ft\u00fc. Bakan Sabba\u011f, \u00e7e\u015fitli uluslararas\u0131 forumlarda iki \u00fclke aras\u0131ndaki koordinasyonu ve kar\u015f\u0131l\u0131kl\u0131 deste\u011fi ve her d\u00fczeyde ikili i\u015fbirli\u011fini de\u011ferlendirerek,\u00a0 Bat\u0131&#8217;n\u0131n &hellip;<\/p>\n","protected":false},"author":36,"featured_media":310770,"comment_status":"closed","ping_status":"closed","sticky":false,"template":"","format":"standard","meta":{"footnotes":""},"categories":[458,459,17988],"tags":[42786,42785],"class_list":["post-310769","post","type-post","status-publish","format-standard","has-post-thumbnail","","category-dunya1","category-haberler-arap-uluslararasi-politika","category-son-haberler","tag-belarus-ile-suriye-arasindaki-iliskilerin-cesitli-yonlerini-ve-bunlari-cesitli-alanlarda-gelistirmenin-yollarini-gorustu","tag-golovchenko-ve-sabbag"],"_links":{"self":[{"href":"https:\/\/archive.sana.sy\/tr\/index.php?rest_route=\/wp\/v2\/posts\/310769","targetHints":{"allow":["GET"]}}],"collection":[{"href":"https:\/\/archive.sana.sy\/tr\/index.php?rest_route=\/wp\/v2\/posts"}],"about":[{"href":"https:\/\/archive.sana.sy\/tr\/index.php?rest_route=\/wp\/v2\/types\/post"}],"author":[{"embeddable":true,"href":"https:\/\/archive.sana.sy\/tr\/index.php?rest_route=\/wp\/v2\/users\/36"}],"replies":[{"embeddable":true,"href":"https:\/\/archive.sana.sy\/tr\/index.php?rest_route=%2Fwp%2Fv2%2Fcomments&post=310769"}],"version-history":[{"count":3,"href":"https:\/\/archive.sana.sy\/tr\/index.php?rest_route=\/wp\/v2\/posts\/310769\/revisions"}],"predecessor-version":[{"id":310796,"href":"https:\/\/archive.sana.sy\/tr\/index.php?rest_route=\/wp\/v2\/posts\/310769\/revisions\/310796"}],"wp:featuredmedia":[{"embeddable":true,"href":"https:\/\/archive.sana.sy\/tr\/index.php?rest_route=\/wp\/v2\/media\/310770"}],"wp:attachment":[{"href":"https:\/\/archive.sana.sy\/tr\/index.php?rest_route=%2Fwp%2Fv2%2Fmedia&parent=310769"}],"wp:term":[{"taxonomy":"category","embeddable":true,"href":"https:\/\/archive.sana.sy\/tr\/index.php?rest_route=%2Fwp%2Fv2%2Fcategories&post=310769"},{"taxonomy":"post_tag","embeddable":true,"href":"https:\/\/archive.sana.sy\/tr\/index.php?rest_route=%2Fwp%2Fv2%2Ftags&post=310769"}],"curies":[{"name":"wp","href":"https:\/\/api.w.org\/{rel}","templated":true}]}}