{"id":310812,"date":"2024-10-31T10:44:21","date_gmt":"2024-10-31T07:44:21","guid":{"rendered":"https:\/\/sana.sy\/tr\/?p=310812"},"modified":"2024-10-31T15:08:11","modified_gmt":"2024-10-31T12:08:11","slug":"gazze-seridinin-kuzeyinde-bir-hastanenin-isgal-saldirisi-sonucu-2-cocuk-ve-4-hasta-hayatini-kaybetti","status":"publish","type":"post","link":"https:\/\/archive.sana.sy\/tr\/?p=310812","title":{"rendered":"\u0130\u015fgalci \u0130srail&#8217;in Gazze \u015eeridi&#8217;nin Kuzeyinde Bir Hastaneye D\u00fczzenledi\u011fi Sald\u0131rganl\u0131kta 4 \u015eehit"},"content":{"rendered":"<p style=\"text-align: justify;\"><strong>\u0130\u015eGAL ED\u0130LEN KUD\u00dcS (SANA) \u2013<\/strong>\u00a0 \u0130srail\u2019in bug\u00fcn Gazze \u015eeridi\u2019nin kuzeyindeki Kemal Advan Hastanesi\u2019ne bombard\u0131man\u0131 sonucu 2 \u00e7ocuk ve 4 hasta \u015fehit d\u00fc\u015ft\u00fc.<\/p>\n<p style=\"text-align: justify;\">Filistin medyas\u0131, i\u015fgal g\u00fc\u00e7lerinin hastanenin \u00fc\u00e7\u00fcnc\u00fc kat\u0131n\u0131 bombalad\u0131\u011f\u0131n\u0131, bunun sonucunda bir ila\u00e7 ve t\u0131bbi malzeme deposunun yak\u0131ld\u0131\u011f\u0131n\u0131 ve t\u00fcm cerrahi hizmetlerin durduruldu\u011funu belirtti.<\/p>\n<p style=\"text-align: justify;\">Filistin Sa\u011fl\u0131k Bakanl\u0131\u011f\u0131 ise, hastaneye y\u00f6nelik i\u015fgal bombard\u0131man\u0131 sonucu 2 \u00e7ocuk ve 4 hasta \u015fehit olurken, Gazze \u015eeridi\u2019nin kuzeyinde son 25 g\u00fcnde \u015fehit say\u0131s\u0131n\u0131n 1.200\u2019\u00fcn \u00fczerine \u00e7\u0131kt\u0131\u011f\u0131n\u0131 kaydetti.<\/p>\n<p style=\"text-align: center;\"><strong><a href=\"https:\/\/t.me\/SuriyeArapHaberAjansI\">Telegram Kanal\u0131m\u0131z\u00a0<\/a>||<a href=\"https:\/\/twitter.com\/arap_ajans\">X Platformumuz\u00a0<\/a>||<a href=\"https:\/\/www.facebook.com\/SANAHaberAjansi\/\">Facebook Sayfam\u0131z<\/a><\/strong><\/p>\n","protected":false},"excerpt":{"rendered":"<p>\u0130\u015eGAL ED\u0130LEN KUD\u00dcS (SANA) \u2013\u00a0 \u0130srail\u2019in bug\u00fcn Gazze \u015eeridi\u2019nin kuzeyindeki Kemal Advan Hastanesi\u2019ne bombard\u0131man\u0131 sonucu 2 \u00e7ocuk ve 4 hasta \u015fehit d\u00fc\u015ft\u00fc. Filistin medyas\u0131, i\u015fgal g\u00fc\u00e7lerinin hastanenin \u00fc\u00e7\u00fcnc\u00fc kat\u0131n\u0131 bombalad\u0131\u011f\u0131n\u0131, bunun sonucunda bir ila\u00e7 ve t\u0131bbi malzeme deposunun yak\u0131ld\u0131\u011f\u0131n\u0131 ve t\u00fcm cerrahi hizmetlerin durduruldu\u011funu belirtti. Filistin Sa\u011fl\u0131k Bakanl\u0131\u011f\u0131 ise, hastaneye y\u00f6nelik i\u015fgal bombard\u0131man\u0131 sonucu 2 &hellip;<\/p>\n","protected":false},"author":36,"featured_media":310813,"comment_status":"closed","ping_status":"closed","sticky":false,"template":"","format":"standard","meta":{"footnotes":""},"categories":[458,589,459,17988],"tags":[],"class_list":["post-310812","post","type-post","status-publish","format-standard","has-post-thumbnail","","category-dunya1","category-haber-seridi","category-haberler-arap-uluslararasi-politika","category-son-haberler"],"_links":{"self":[{"href":"https:\/\/archive.sana.sy\/tr\/index.php?rest_route=\/wp\/v2\/posts\/310812","targetHints":{"allow":["GET"]}}],"collection":[{"href":"https:\/\/archive.sana.sy\/tr\/index.php?rest_route=\/wp\/v2\/posts"}],"about":[{"href":"https:\/\/archive.sana.sy\/tr\/index.php?rest_route=\/wp\/v2\/types\/post"}],"author":[{"embeddable":true,"href":"https:\/\/archive.sana.sy\/tr\/index.php?rest_route=\/wp\/v2\/users\/36"}],"replies":[{"embeddable":true,"href":"https:\/\/archive.sana.sy\/tr\/index.php?rest_route=%2Fwp%2Fv2%2Fcomments&post=310812"}],"version-history":[{"count":2,"href":"https:\/\/archive.sana.sy\/tr\/index.php?rest_route=\/wp\/v2\/posts\/310812\/revisions"}],"predecessor-version":[{"id":310818,"href":"https:\/\/archive.sana.sy\/tr\/index.php?rest_route=\/wp\/v2\/posts\/310812\/revisions\/310818"}],"wp:featuredmedia":[{"embeddable":true,"href":"https:\/\/archive.sana.sy\/tr\/index.php?rest_route=\/wp\/v2\/media\/310813"}],"wp:attachment":[{"href":"https:\/\/archive.sana.sy\/tr\/index.php?rest_route=%2Fwp%2Fv2%2Fmedia&parent=310812"}],"wp:term":[{"taxonomy":"category","embeddable":true,"href":"https:\/\/archive.sana.sy\/tr\/index.php?rest_route=%2Fwp%2Fv2%2Fcategories&post=310812"},{"taxonomy":"post_tag","embeddable":true,"href":"https:\/\/archive.sana.sy\/tr\/index.php?rest_route=%2Fwp%2Fv2%2Ftags&post=310812"}],"curies":[{"name":"wp","href":"https:\/\/api.w.org\/{rel}","templated":true}]}}