{"id":310819,"date":"2024-10-31T15:00:55","date_gmt":"2024-10-31T12:00:55","guid":{"rendered":"https:\/\/sana.sy\/tr\/?p=310819"},"modified":"2024-10-31T15:18:10","modified_gmt":"2024-10-31T12:18:10","slug":"bm-raportoru-devam-eden-soykirim-israilin-cezasiz-kalmasinin-bir-sonucudur","status":"publish","type":"post","link":"https:\/\/archive.sana.sy\/tr\/?p=310819","title":{"rendered":"BM Raport\u00f6r\u00fc: Devam Eden Soyk\u0131r\u0131m \u201c\u0130srail&#8217;in\u201d Cezas\u0131z Kalmas\u0131n\u0131n Bir Sonucudur"},"content":{"rendered":"<p style=\"text-align: justify;\"><strong>NEW YORK <\/strong><strong>(SANA) &#8211;<\/strong> \u00a0Birle\u015fmi\u015f Milletler \u0130\u015fgal Alt\u0131ndaki Filistin Topraklar\u0131 \u00d6zel Raport\u00f6r\u00fc Francesca Albanese, Filistin halk\u0131na kar\u015f\u0131 devam eden soyk\u0131r\u0131m\u0131n &#8220;\u0130srail&#8217;in&#8221; cezas\u0131z kalmas\u0131n\u0131n sonucu oldu\u011funu do\u011frulayarak, \u00a0Sald\u0131rganl\u0131\u011f\u0131n\u0131 durdurana ve i\u015fgal alt\u0131ndaki Filistin topraklar\u0131ndan tamamen \u00e7ekilene kadar kendisine yapt\u0131r\u0131m uygulanmas\u0131n\u0131 ve silah tedarikinin yasaklanmas\u0131n\u0131 talep etti.<\/p>\n<p style=\"text-align: justify;\">Wafa Ajans\u0131, Albanese&#8217;nin Birle\u015fmi\u015f Milletler Genel Kurulu&#8217;na sundu\u011fu &#8220;S\u00f6m\u00fcrgelerin Silinmesi Olarak Soyk\u0131r\u0131m&#8221; ba\u015fl\u0131kl\u0131 raporunda \u015funlar\u0131 s\u00f6yledi\u011fini aktard\u0131: &#8220;Gazze&#8217;deki soyk\u0131r\u0131m, di\u011fer Filistinlileri de kapsayacak \u015fekilde geni\u015fleyebilecek bir kamusal trajedidir ve &#8220;B\u00fcy\u00fck \u0130srail&#8221; hedefiyle ilerlemek, yerli Filistin halk\u0131n\u0131 yok etme tehlikesiyle kar\u015f\u0131 kar\u015f\u0131yad\u0131r.&#8221;<\/p>\n<p style=\"text-align: justify;\">BM raport\u00f6r\u00fc, i\u015fgal alt\u0131ndaki Filistin topraklar\u0131ndaki ko\u015fullar\u0131n korkun\u00e7 oldu\u011funu, Bat\u0131 \u015eeria&#8217;daki Filistinlilerin de ayn\u0131 ihlallere maruz kald\u0131\u011f\u0131n\u0131 kaydederek, devam eden soyk\u0131r\u0131m\u0131n \u201c\u0130srail\u201d ola\u011fan\u00fcst\u00fc stat\u00fcs\u00fcn\u00fcn ve uzun s\u00fcredir devam eden cezas\u0131zl\u0131\u011f\u0131n verilmesinin sonucu oldu\u011funu ifade etti.<\/p>\n<p style=\"text-align: justify;\">Albanese ayr\u0131ca, \u0130srail&#8217;in \u0131srarla uluslararas\u0131 hukuku ihlal eden bir apartheid kurulu\u015fu olarak ilan edilmesi ve Filistin&#8217;deki duruma \u00e7\u00f6z\u00fcm bulmak amac\u0131yla Birle\u015fmi\u015f Milletler Apartheid&#8217;e Kar\u015f\u0131 \u00d6zel Komite&#8217;nin yeniden faaliyete ge\u00e7irilmesi \u00e7a\u011fr\u0131s\u0131nda bulundu.<\/p>\n<p style=\"text-align: center;\"><strong><a href=\"https:\/\/t.me\/SuriyeArapHaberAjansI\">Telegram Kanal\u0131m\u0131z\u00a0<\/a>||<a href=\"https:\/\/twitter.com\/arap_ajans\">X Platformumuz\u00a0<\/a>||<a href=\"https:\/\/www.facebook.com\/SANAHaberAjansi\/\">Facebook Sayfam\u0131z<\/a><\/strong><\/p>\n","protected":false},"excerpt":{"rendered":"<p>NEW YORK (SANA) &#8211; \u00a0Birle\u015fmi\u015f Milletler \u0130\u015fgal Alt\u0131ndaki Filistin Topraklar\u0131 \u00d6zel Raport\u00f6r\u00fc Francesca Albanese, Filistin halk\u0131na kar\u015f\u0131 devam eden soyk\u0131r\u0131m\u0131n &#8220;\u0130srail&#8217;in&#8221; cezas\u0131z kalmas\u0131n\u0131n sonucu oldu\u011funu do\u011frulayarak, \u00a0Sald\u0131rganl\u0131\u011f\u0131n\u0131 durdurana ve i\u015fgal alt\u0131ndaki Filistin topraklar\u0131ndan tamamen \u00e7ekilene kadar kendisine yapt\u0131r\u0131m uygulanmas\u0131n\u0131 ve silah tedarikinin yasaklanmas\u0131n\u0131 talep etti. Wafa Ajans\u0131, Albanese&#8217;nin Birle\u015fmi\u015f Milletler Genel Kurulu&#8217;na sundu\u011fu &#8220;S\u00f6m\u00fcrgelerin Silinmesi &hellip;<\/p>\n","protected":false},"author":41,"featured_media":310820,"comment_status":"closed","ping_status":"closed","sticky":false,"template":"","format":"standard","meta":{"footnotes":""},"categories":[458,589,459,17988],"tags":[42791],"class_list":["post-310819","post","type-post","status-publish","format-standard","has-post-thumbnail","","category-dunya1","category-haber-seridi","category-haberler-arap-uluslararasi-politika","category-son-haberler","tag-bm-raportoru-devam-eden-soykirim-israilin-cezasiz-kalmasinin-bir-sonucudur"],"_links":{"self":[{"href":"https:\/\/archive.sana.sy\/tr\/index.php?rest_route=\/wp\/v2\/posts\/310819","targetHints":{"allow":["GET"]}}],"collection":[{"href":"https:\/\/archive.sana.sy\/tr\/index.php?rest_route=\/wp\/v2\/posts"}],"about":[{"href":"https:\/\/archive.sana.sy\/tr\/index.php?rest_route=\/wp\/v2\/types\/post"}],"author":[{"embeddable":true,"href":"https:\/\/archive.sana.sy\/tr\/index.php?rest_route=\/wp\/v2\/users\/41"}],"replies":[{"embeddable":true,"href":"https:\/\/archive.sana.sy\/tr\/index.php?rest_route=%2Fwp%2Fv2%2Fcomments&post=310819"}],"version-history":[{"count":1,"href":"https:\/\/archive.sana.sy\/tr\/index.php?rest_route=\/wp\/v2\/posts\/310819\/revisions"}],"predecessor-version":[{"id":310821,"href":"https:\/\/archive.sana.sy\/tr\/index.php?rest_route=\/wp\/v2\/posts\/310819\/revisions\/310821"}],"wp:featuredmedia":[{"embeddable":true,"href":"https:\/\/archive.sana.sy\/tr\/index.php?rest_route=\/wp\/v2\/media\/310820"}],"wp:attachment":[{"href":"https:\/\/archive.sana.sy\/tr\/index.php?rest_route=%2Fwp%2Fv2%2Fmedia&parent=310819"}],"wp:term":[{"taxonomy":"category","embeddable":true,"href":"https:\/\/archive.sana.sy\/tr\/index.php?rest_route=%2Fwp%2Fv2%2Fcategories&post=310819"},{"taxonomy":"post_tag","embeddable":true,"href":"https:\/\/archive.sana.sy\/tr\/index.php?rest_route=%2Fwp%2Fv2%2Ftags&post=310819"}],"curies":[{"name":"wp","href":"https:\/\/api.w.org\/{rel}","templated":true}]}}