{"id":310822,"date":"2024-10-31T16:01:43","date_gmt":"2024-10-31T13:01:43","guid":{"rendered":"https:\/\/sana.sy\/tr\/?p=310822"},"modified":"2024-10-31T16:01:43","modified_gmt":"2024-10-31T13:01:43","slug":"sabbag-minskte-lavrovla-bolgedeki-durumla-ilgili-gelismeleri-ve-israilin-halkina-yonelik-saldirganliginin-durdurulmasi-geregini-gorustu","status":"publish","type":"post","link":"https:\/\/archive.sana.sy\/tr\/?p=310822","title":{"rendered":"Sabba\u011f, Minsk&#8217;te Lavrov&#8217;la b\u00f6lgedeki Durumla \u0130lgili Geli\u015fmeleri Ve \u0130srail&#8217;in Halk\u0131na Y\u00f6nelik Sald\u0131rganl\u0131\u011f\u0131n\u0131n Durdurulmas\u0131 Gere\u011fini G\u00f6r\u00fc\u015ft\u00fc"},"content":{"rendered":"<p style=\"text-align: justify;\"><strong>M<\/strong><strong>\u0130NSK (SANA)<\/strong> &#8211; Belarus&#8217;un ba\u015fkenti Minsk&#8217;te d\u00fczenlenen \u0130kinci Uluslararas\u0131 Avrasya G\u00fcvenli\u011fi Konferans\u0131na kat\u0131l\u0131mlar\u0131 marj\u0131nda, D\u0131\u015fi\u015fleri ve Gurbe\u00e7iler Bakan\u0131 Bessam Sabba\u011f, iki bakana e\u015flik eden iki heyetin huzurunda Rusya Federasyonu D\u0131\u015fi\u015fleri Bakan\u0131 Sergei Lavrov ile bir araya geldi.<\/p>\n<p style=\"text-align: justify;\">\u00a0\u0130ki bakan g\u00f6r\u00fc\u015fmede, b\u00f6lgedeki tehlikeli durumla ilgili geli\u015fmelerin yan\u0131 s\u0131ra iki dost \u00fclke aras\u0131ndaki ikili i\u015fbirli\u011finin baz\u0131 y\u00f6nlerini ve \u0130srail&#8217;in Filistin ve L\u00fcbnan topraklar\u0131na y\u00f6nelik devam eden sald\u0131rganl\u0131\u011f\u0131n\u0131n yan\u0131 s\u0131ra \u0130srail&#8217;in Suriye&#8217;ye y\u00f6nelik tekrarlanan sald\u0131rganl\u0131klar\u0131n\u0131n durdurulmas\u0131 gere\u011fini ele ald\u0131lar.<\/p>\n<p style=\"text-align: justify;\">Bakan Sabba\u011f g\u00f6r\u00fc\u015fmede, Suriye&#8217;nin kar\u015f\u0131 kar\u015f\u0131ya oldu\u011fu zorlu ko\u015fullara ra\u011fmen, \u0130srail&#8217;in L\u00fcbnan&#8217;a y\u00f6nelik sald\u0131rganl\u0131\u011f\u0131 sonucunda Suriye h\u00fck\u00fcmetinin karde\u015f L\u00fcbnan&#8217;dan gelenleri kabul etmek ve g\u00fcvence alt\u0131na almak i\u00e7in bir dizi \u00f6nlem ald\u0131\u011f\u0131n\u0131 belirtirken, bu ba\u011flamda, geri d\u00f6nen \u00e7ok say\u0131da Suriyeliye sa\u011flanan olanaklar\u0131n, baz\u0131 Bat\u0131l\u0131 \u00e7evrelerin Suriyeli m\u00fcltecilerin anavatanlar\u0131na d\u00f6n\u00fc\u015f\u00fcyle \u200b\u200bilgili hususlar\u0131 te\u015fvik etmeye \u00e7al\u0131\u015ft\u0131\u011f\u0131 iddialar\u0131n\u0131 \u00e7\u00fcr\u00fctt\u00fc\u011f\u00fcn\u00fc vurgulad\u0131.<\/p>\n<p style=\"text-align: justify;\">\u0130ki bakan ayr\u0131ca, Suriye&#8217;de g\u00fcvenlik ve istikrar\u0131n yeniden sa\u011flanmas\u0131na y\u00f6nelik \u00e7al\u0131\u015fmalarda bu yolun \u00f6nemini dikkate alarak, Kas\u0131m ay\u0131 ortas\u0131nda Astana form\u00fcl\u00fcne g\u00f6re Suriye&#8217;ye ili\u015fkin yirmi ikinci toplant\u0131n\u0131n yap\u0131lmas\u0131na y\u00f6nelik devam eden haz\u0131rl\u0131klara da de\u011findiler.<\/p>\n<p style=\"text-align: center;\"><strong><a href=\"https:\/\/t.me\/SuriyeArapHaberAjansI\">Telegram Kanal\u0131m\u0131z\u00a0<\/a>||<a href=\"https:\/\/twitter.com\/arap_ajans\">X Platformumuz\u00a0<\/a>||<a href=\"https:\/\/www.facebook.com\/SANAHaberAjansi\/\">Facebook Sayfam\u0131z<\/a><\/strong><\/p>\n","protected":false},"excerpt":{"rendered":"<p>M\u0130NSK (SANA) &#8211; Belarus&#8217;un ba\u015fkenti Minsk&#8217;te d\u00fczenlenen \u0130kinci Uluslararas\u0131 Avrasya G\u00fcvenli\u011fi Konferans\u0131na kat\u0131l\u0131mlar\u0131 marj\u0131nda, D\u0131\u015fi\u015fleri ve Gurbe\u00e7iler Bakan\u0131 Bessam Sabba\u011f, iki bakana e\u015flik eden iki heyetin huzurunda Rusya Federasyonu D\u0131\u015fi\u015fleri Bakan\u0131 Sergei Lavrov ile bir araya geldi. \u00a0\u0130ki bakan g\u00f6r\u00fc\u015fmede, b\u00f6lgedeki tehlikeli durumla ilgili geli\u015fmelerin yan\u0131 s\u0131ra iki dost \u00fclke aras\u0131ndaki ikili i\u015fbirli\u011finin baz\u0131 y\u00f6nlerini &hellip;<\/p>\n","protected":false},"author":41,"featured_media":310823,"comment_status":"closed","ping_status":"closed","sticky":false,"template":"","format":"standard","meta":{"footnotes":""},"categories":[458,589,459,17988],"tags":[42792,37660],"class_list":["post-310822","post","type-post","status-publish","format-standard","has-post-thumbnail","","category-dunya1","category-haber-seridi","category-haberler-arap-uluslararasi-politika","category-son-haberler","tag-minskte-lavrovla-bolgedeki-durumla-ilgili-gelismeleri-ve-israilin-halkina-yonelik-saldirganliginin-durdurulmasi-geregini-gorustu","tag-sabbag"],"_links":{"self":[{"href":"https:\/\/archive.sana.sy\/tr\/index.php?rest_route=\/wp\/v2\/posts\/310822","targetHints":{"allow":["GET"]}}],"collection":[{"href":"https:\/\/archive.sana.sy\/tr\/index.php?rest_route=\/wp\/v2\/posts"}],"about":[{"href":"https:\/\/archive.sana.sy\/tr\/index.php?rest_route=\/wp\/v2\/types\/post"}],"author":[{"embeddable":true,"href":"https:\/\/archive.sana.sy\/tr\/index.php?rest_route=\/wp\/v2\/users\/41"}],"replies":[{"embeddable":true,"href":"https:\/\/archive.sana.sy\/tr\/index.php?rest_route=%2Fwp%2Fv2%2Fcomments&post=310822"}],"version-history":[{"count":1,"href":"https:\/\/archive.sana.sy\/tr\/index.php?rest_route=\/wp\/v2\/posts\/310822\/revisions"}],"predecessor-version":[{"id":310824,"href":"https:\/\/archive.sana.sy\/tr\/index.php?rest_route=\/wp\/v2\/posts\/310822\/revisions\/310824"}],"wp:featuredmedia":[{"embeddable":true,"href":"https:\/\/archive.sana.sy\/tr\/index.php?rest_route=\/wp\/v2\/media\/310823"}],"wp:attachment":[{"href":"https:\/\/archive.sana.sy\/tr\/index.php?rest_route=%2Fwp%2Fv2%2Fmedia&parent=310822"}],"wp:term":[{"taxonomy":"category","embeddable":true,"href":"https:\/\/archive.sana.sy\/tr\/index.php?rest_route=%2Fwp%2Fv2%2Fcategories&post=310822"},{"taxonomy":"post_tag","embeddable":true,"href":"https:\/\/archive.sana.sy\/tr\/index.php?rest_route=%2Fwp%2Fv2%2Ftags&post=310822"}],"curies":[{"name":"wp","href":"https:\/\/api.w.org\/{rel}","templated":true}]}}