{"id":310827,"date":"2024-10-31T15:08:55","date_gmt":"2024-10-31T12:08:55","guid":{"rendered":"https:\/\/sana.sy\/tr\/?p=310827"},"modified":"2024-10-31T19:32:53","modified_gmt":"2024-10-31T16:32:53","slug":"sosyal-ve-calisma-isleri-bakanligi-lubnandan-gelenlere-300-binden-fazla-cesitli-hizmet-saglandi","status":"publish","type":"post","link":"https:\/\/archive.sana.sy\/tr\/?p=310827","title":{"rendered":"Sosyal \u0130\u015fler Ve \u00c7al\u0131\u015fma Bakanl\u0131\u011f\u0131: L\u00fcbnan&#8217;dan Gelenlere 300 Binden Fazla \u00c7e\u015fitli Hizmet Sa\u011fland\u0131"},"content":{"rendered":"<p style=\"text-align: justify;\"><strong>\u015eAM (SANA)<\/strong> &#8211; Sosyal \u0130\u015fler ve \u00c7al\u0131\u015fma Bakanl\u0131\u011f\u0131, sivil toplum kurulu\u015flar\u0131yla i\u015fbirli\u011fi i\u00e7inde L\u00fcbnan\u2019dan gelen ailelere \u00a0t\u0131bbi, yard\u0131m veya insani yard\u0131m gibi \u00e7e\u015fitli t\u00fcrde yard\u0131mlar sa\u011flamaya devam ediyor.<\/p>\n<p style=\"text-align: justify;\">Bakanl\u0131k bug\u00fcn yapt\u0131\u011f\u0131 a\u00e7\u0131klamada, \u2018\u2019Gelenler&#8217;n \u00fclkeye giri\u015finden bu yana \u00e7e\u015fitli valiliklerde sivil toplum kurulu\u015flar\u0131yla i\u015fbirli\u011fi yap\u0131larak bug\u00fcne kadar yap\u0131lan yard\u0131mlar\u0131n toplam\u0131 3.200&#8217;\u00fcn \u00fczerinde g\u0131da sepeti ve 94.639 \u00f6\u011f\u00fcne ula\u015ft\u0131\u2019\u2019 dedi.<\/p>\n<p style=\"text-align: justify;\">Bakanl\u0131k, 124 binden fazla t\u0131bbi hizmet, 13 binden fazla sa\u011fl\u0131k hizmeti ve 24 bine yak\u0131n ilk yard\u0131m hizmetinin yan\u0131 s\u0131ra 44 binden fazla hastaya ila\u00e7 hizmeti verildi\u011fini belirtirken, &#8221;10.000&#8217;den fazla ki\u015fiye yard\u0131m hizmeti sunulurken, gelenlere y\u00f6nelik psikolojik ve sosyal destek hizmetleri ile di\u011fer hukuki hizmetler de sa\u011fland\u0131&#8221; dedi. \u200f<\/p>\n<p style=\"text-align: justify;\">Bakanl\u0131k ayr\u0131ca, g\u00f6\u00e7menlerin Suriye&#8217;ye giri\u015finin getirdi\u011fi s\u0131k\u0131nt\u0131lara ve artan ihtiya\u00e7lara ra\u011fmen sivil toplum kurulu\u015flar\u0131n\u0131n hak sahiplerine hizmet vermeye devam etti\u011fine dikkat \u00e7ekti.<\/p>\n<p style=\"text-align: center;\"><strong><a href=\"https:\/\/t.me\/SuriyeArapHaberAjansI\">Telegram Kanal\u0131m\u0131z\u00a0<\/a>||<a href=\"https:\/\/twitter.com\/arap_ajans\">X Platformumuz\u00a0<\/a>||<a href=\"https:\/\/www.facebook.com\/SANAHaberAjansi\/\">Facebook Sayfam\u0131z<\/a><\/strong><\/p>\n","protected":false},"excerpt":{"rendered":"<p>\u015eAM (SANA) &#8211; Sosyal \u0130\u015fler ve \u00c7al\u0131\u015fma Bakanl\u0131\u011f\u0131, sivil toplum kurulu\u015flar\u0131yla i\u015fbirli\u011fi i\u00e7inde L\u00fcbnan\u2019dan gelen ailelere \u00a0t\u0131bbi, yard\u0131m veya insani yard\u0131m gibi \u00e7e\u015fitli t\u00fcrde yard\u0131mlar sa\u011flamaya devam ediyor. Bakanl\u0131k bug\u00fcn yapt\u0131\u011f\u0131 a\u00e7\u0131klamada, \u2018\u2019Gelenler&#8217;n \u00fclkeye giri\u015finden bu yana \u00e7e\u015fitli valiliklerde sivil toplum kurulu\u015flar\u0131yla i\u015fbirli\u011fi yap\u0131larak bug\u00fcne kadar yap\u0131lan yard\u0131mlar\u0131n toplam\u0131 3.200&#8217;\u00fcn \u00fczerinde g\u0131da sepeti ve 94.639 &hellip;<\/p>\n","protected":false},"author":41,"featured_media":310828,"comment_status":"closed","ping_status":"closed","sticky":false,"template":"","format":"standard","meta":{"footnotes":""},"categories":[589,479,17988,478],"tags":[],"class_list":["post-310827","post","type-post","status-publish","format-standard","has-post-thumbnail","","category-haber-seridi","category-haberler-yerel","category-son-haberler","category-yerel"],"_links":{"self":[{"href":"https:\/\/archive.sana.sy\/tr\/index.php?rest_route=\/wp\/v2\/posts\/310827","targetHints":{"allow":["GET"]}}],"collection":[{"href":"https:\/\/archive.sana.sy\/tr\/index.php?rest_route=\/wp\/v2\/posts"}],"about":[{"href":"https:\/\/archive.sana.sy\/tr\/index.php?rest_route=\/wp\/v2\/types\/post"}],"author":[{"embeddable":true,"href":"https:\/\/archive.sana.sy\/tr\/index.php?rest_route=\/wp\/v2\/users\/41"}],"replies":[{"embeddable":true,"href":"https:\/\/archive.sana.sy\/tr\/index.php?rest_route=%2Fwp%2Fv2%2Fcomments&post=310827"}],"version-history":[{"count":6,"href":"https:\/\/archive.sana.sy\/tr\/index.php?rest_route=\/wp\/v2\/posts\/310827\/revisions"}],"predecessor-version":[{"id":310860,"href":"https:\/\/archive.sana.sy\/tr\/index.php?rest_route=\/wp\/v2\/posts\/310827\/revisions\/310860"}],"wp:featuredmedia":[{"embeddable":true,"href":"https:\/\/archive.sana.sy\/tr\/index.php?rest_route=\/wp\/v2\/media\/310828"}],"wp:attachment":[{"href":"https:\/\/archive.sana.sy\/tr\/index.php?rest_route=%2Fwp%2Fv2%2Fmedia&parent=310827"}],"wp:term":[{"taxonomy":"category","embeddable":true,"href":"https:\/\/archive.sana.sy\/tr\/index.php?rest_route=%2Fwp%2Fv2%2Fcategories&post=310827"},{"taxonomy":"post_tag","embeddable":true,"href":"https:\/\/archive.sana.sy\/tr\/index.php?rest_route=%2Fwp%2Fv2%2Ftags&post=310827"}],"curies":[{"name":"wp","href":"https:\/\/api.w.org\/{rel}","templated":true}]}}