{"id":310836,"date":"2024-10-31T17:43:25","date_gmt":"2024-10-31T14:43:25","guid":{"rendered":"https:\/\/sana.sy\/tr\/?p=310836"},"modified":"2024-11-01T16:53:02","modified_gmt":"2024-11-01T13:53:02","slug":"sabbag-kolektif-guvenlik-kavrami-cogulculuk-isbirligi-ve-cikarlarin-cesitliligi-dikkate-alinarak-insa-edilmelidir","status":"publish","type":"post","link":"https:\/\/archive.sana.sy\/tr\/?p=310836","title":{"rendered":"Sabba\u011f: Kolektif G\u00fcvenlik Kavram\u0131 \u00c7o\u011fulculuk, \u0130\u015fbirli\u011fi Ve \u00c7\u0131karlar\u0131n \u00c7e\u015fitlili\u011fi Dikkate Al\u0131narak \u0130n\u015fa Edilmelidir"},"content":{"rendered":"<p style=\"text-align: justify;\"><strong>M\u0130NSK (SANA) &#8211;<\/strong> D\u0131\u015fi\u015fleri ve Gurbet\u00e7iler Bakan\u0131 Bessam Sabba\u011f, Suriye&#8217;nin \u0130kinci Uluslararas\u0131 Avrasya G\u00fcvenli\u011fi <img loading=\"lazy\" decoding=\"async\" class=\"size-full wp-image-310838 alignright\" src=\"http:\/\/sana.sy\/tr\/wp-content\/uploads\/2024\/10\/photo_2024-10-31_12-07-06-300x169-1.jpg\" alt=\"\" width=\"300\" height=\"169\" \/>Konferans\u0131na kat\u0131l\u0131m\u0131n\u0131n, b\u00f6lgesel ve k\u00fcresel g\u00fcvenlikle ilgili konular\u0131 tart\u0131\u015fma konusundaki isteklili\u011fini yans\u0131tt\u0131\u011f\u0131n\u0131 ve ayn\u0131 zamanda kapsaml\u0131 bir diyalog yap\u0131lmas\u0131n\u0131n gereklili\u011fine olan ger\u00e7ek inanc\u0131n\u0131 yans\u0131tt\u0131\u011f\u0131n\u0131 do\u011frulad\u0131.<\/p>\n<p style=\"text-align: justify;\">Bakan Sabba\u011f, bug\u00fcn Belarus&#8217;un ba\u015fkenti Minsk&#8217;te d\u00fczenlenen \u0130kinci Uluslararas\u0131 Avrasya G\u00fcvenlik Konferans\u0131 \u00f6ncesinde yapt\u0131\u011f\u0131 konu\u015fmada \u015funlar\u0131 s\u00f6yledi: \u201cAvrasya\u201d sadece Avrupa ve Asya&#8217;y\u0131 bir araya getiren co\u011frafi veya siyasi bir terim de\u011fil, ayn\u0131 zamanda geli\u015fmekte olan \u00fclkelerin \u00e7o\u011funlu\u011funun sab\u0131rs\u0131zl\u0131kla bekledi\u011fi yeni bir d\u00fcnya d\u00fczeninin kurulmas\u0131na yard\u0131mc\u0131 olacak yeni bir zemini temsil ediyor.\u2019\u2019<\/p>\n<p style=\"text-align: justify;\">Bakan Sabba\u011f ayr\u0131ca, on y\u0131l\u0131 a\u015fk\u0131n s\u00fcredir kendisine kar\u015f\u0131 ba\u015flat\u0131lan ter\u00f6r sava\u015f\u0131n\u0131n ac\u0131s\u0131n\u0131 \u00e7eken Suriye&#8217;nin, e\u015fitlik ve kolektif eylem ilkelerine dayal\u0131 yeni bir g\u00fcvenlik sistemi kurmak isteyen \u00fclkelerin cesur giri\u015fimlerini takdir etti\u011fini ifade etti.<\/p>\n<p style=\"text-align: justify;\"><img loading=\"lazy\" decoding=\"async\" class=\"size-full wp-image-310839 alignright\" src=\"http:\/\/sana.sy\/tr\/wp-content\/uploads\/2024\/10\/photo_2024-10-31_12-07-12-300x169-1.jpg\" alt=\"\" width=\"300\" height=\"169\" \/>D\u0131\u015fi\u015fleri Bakan\u0131 konu\u015fmas\u0131nda da, Suriye&#8217;nin de par\u00e7as\u0131 oldu\u011fu b\u00f6lgemizin, topraklar\u0131n\u0131n yabanc\u0131 i\u015fgali, zenginliklerinin \u00e7al\u0131nmas\u0131, egemenli\u011fine, birli\u011fine ve toprak b\u00fct\u00fcnl\u00fc\u011f\u00fcne y\u00f6nelik sald\u0131r\u0131lar sonucunda kar\u015f\u0131 kar\u015f\u0131ya oldu\u011fu ciddi tehditlere dikkat \u00e7ekti.<\/p>\n<p style=\"text-align: justify;\">Konu\u015fmas\u0131nda ekonomik g\u00fcvenli\u011fe de de\u011findi ve bunu uluslararas\u0131 g\u00fcvenli\u011fin bir di\u011fer \u00f6nemli unsuru olarak de\u011ferlendiren Sabba\u011f, bug\u00fcn d\u00fcnyam\u0131zdaki k\u0131r\u0131lgan ekonomik ko\u015fullar\u0131n, ticaret yollar\u0131n\u0131n ve en hayati tedarik zincirlerinin etkisi, ayr\u0131ca mevcut k\u00fcresel ekonomik ve ekonomik kaynaklar\u0131n tekel ve kontrol\u00fc sonucunda ciddi bir tehdit haline geldi\u011fine dikkat \u00e7ekti ve bu konferans\u0131n d\u00fczenlenmesinin t\u00fcm bu tehditleri ve bir\u00e7ok \u00fclkeye kar\u015f\u0131 uygulanan y\u00f6ntemleri ortaya \u00e7\u0131karma f\u0131rsat\u0131 sa\u011flad\u0131\u011f\u0131n\u0131 kaydetti.<\/p>\n<p style=\"text-align: justify;\">D\u0131\u015fi\u015fleri ve Gubet\u00e7iler Bakan\u0131, \u201c21. Y\u00fczy\u0131lda \u00c7e\u015fitlilik ve \u00c7ok Kutupluluk i\u00e7in Avrasya \u015eart\u0131\u201dna ili\u015fkin bu konferans \u00e7er\u00e7evesinde y\u00fcr\u00fct\u00fclen tart\u0131\u015fmalardan duydu\u011fu memnuniyeti dile getirerek konu\u015fmas\u0131n\u0131 tamamlad\u0131.<\/p>\n<p style=\"text-align: center;\"><strong><a href=\"https:\/\/t.me\/SuriyeArapHaberAjansI\">Telegram Kanal\u0131m\u0131z\u00a0<\/a>||<a href=\"https:\/\/twitter.com\/arap_ajans\">X Platformumuz\u00a0<\/a>||<a href=\"https:\/\/www.facebook.com\/SANAHaberAjansi\/\">Facebook Sayfam\u0131z<\/a><\/strong><\/p>\n","protected":false},"excerpt":{"rendered":"<p>M\u0130NSK (SANA) &#8211; D\u0131\u015fi\u015fleri ve Gurbet\u00e7iler Bakan\u0131 Bessam Sabba\u011f, Suriye&#8217;nin \u0130kinci Uluslararas\u0131 Avrasya G\u00fcvenli\u011fi Konferans\u0131na kat\u0131l\u0131m\u0131n\u0131n, b\u00f6lgesel ve k\u00fcresel g\u00fcvenlikle ilgili konular\u0131 tart\u0131\u015fma konusundaki isteklili\u011fini yans\u0131tt\u0131\u011f\u0131n\u0131 ve ayn\u0131 zamanda kapsaml\u0131 bir diyalog yap\u0131lmas\u0131n\u0131n gereklili\u011fine olan ger\u00e7ek inanc\u0131n\u0131 yans\u0131tt\u0131\u011f\u0131n\u0131 do\u011frulad\u0131. Bakan Sabba\u011f, bug\u00fcn Belarus&#8217;un ba\u015fkenti Minsk&#8217;te d\u00fczenlenen \u0130kinci Uluslararas\u0131 Avrasya G\u00fcvenlik Konferans\u0131 \u00f6ncesinde yapt\u0131\u011f\u0131 konu\u015fmada \u015funlar\u0131 &hellip;<\/p>\n","protected":false},"author":41,"featured_media":310837,"comment_status":"closed","ping_status":"closed","sticky":false,"template":"","format":"standard","meta":{"footnotes":""},"categories":[458,589,459,17988],"tags":[42794,42793],"class_list":["post-310836","post","type-post","status-publish","format-standard","has-post-thumbnail","","category-dunya1","category-haber-seridi","category-haberler-arap-uluslararasi-politika","category-son-haberler","tag-isbirligi-ve-cikarlarin-cesitliligi-dikkate-alinarak-insa-edilmelidir","tag-sabbag-kolektif-guvenlik-kavrami-cogulculuk"],"_links":{"self":[{"href":"https:\/\/archive.sana.sy\/tr\/index.php?rest_route=\/wp\/v2\/posts\/310836","targetHints":{"allow":["GET"]}}],"collection":[{"href":"https:\/\/archive.sana.sy\/tr\/index.php?rest_route=\/wp\/v2\/posts"}],"about":[{"href":"https:\/\/archive.sana.sy\/tr\/index.php?rest_route=\/wp\/v2\/types\/post"}],"author":[{"embeddable":true,"href":"https:\/\/archive.sana.sy\/tr\/index.php?rest_route=\/wp\/v2\/users\/41"}],"replies":[{"embeddable":true,"href":"https:\/\/archive.sana.sy\/tr\/index.php?rest_route=%2Fwp%2Fv2%2Fcomments&post=310836"}],"version-history":[{"count":2,"href":"https:\/\/archive.sana.sy\/tr\/index.php?rest_route=\/wp\/v2\/posts\/310836\/revisions"}],"predecessor-version":[{"id":310853,"href":"https:\/\/archive.sana.sy\/tr\/index.php?rest_route=\/wp\/v2\/posts\/310836\/revisions\/310853"}],"wp:featuredmedia":[{"embeddable":true,"href":"https:\/\/archive.sana.sy\/tr\/index.php?rest_route=\/wp\/v2\/media\/310837"}],"wp:attachment":[{"href":"https:\/\/archive.sana.sy\/tr\/index.php?rest_route=%2Fwp%2Fv2%2Fmedia&parent=310836"}],"wp:term":[{"taxonomy":"category","embeddable":true,"href":"https:\/\/archive.sana.sy\/tr\/index.php?rest_route=%2Fwp%2Fv2%2Fcategories&post=310836"},{"taxonomy":"post_tag","embeddable":true,"href":"https:\/\/archive.sana.sy\/tr\/index.php?rest_route=%2Fwp%2Fv2%2Ftags&post=310836"}],"curies":[{"name":"wp","href":"https:\/\/api.w.org\/{rel}","templated":true}]}}