{"id":310841,"date":"2024-10-31T17:50:54","date_gmt":"2024-10-31T14:50:54","guid":{"rendered":"https:\/\/sana.sy\/tr\/?p=310841"},"modified":"2024-10-31T18:09:24","modified_gmt":"2024-10-31T15:09:24","slug":"suriye-brezilyadaki-2024-dunya-egitim-toplantisina-katildi","status":"publish","type":"post","link":"https:\/\/archive.sana.sy\/tr\/?p=310841","title":{"rendered":"Suriye, Brezilya&#8217;daki 2024 D\u00fcnya E\u011fitim Toplant\u0131s\u0131na Kat\u0131ld\u0131"},"content":{"rendered":"<p style=\"text-align: justify;\"><strong>BREZ\u0130LYA (SANA) &#8211;<\/strong> \u00a0Suriye, Brezilya&#8217;n\u0131n Fortaleza \u015fehrinde d\u00fczenlenen 2024 D\u00fcnya E\u011fitim Toplant\u0131s\u0131 \u00e7al\u0131\u015fmalar\u0131na kat\u0131ldi\/<\/p>\n<p style=\"text-align: justify;\">Toplant\u0131, e\u011fitime y\u00f6nelik siyasi seferberli\u011fin ana a\u015famas\u0131n\u0131 olu\u015fturmay\u0131 ve 2030 sonras\u0131 g\u00fcndemde ortak bir e\u011fitim vizyonunun temellerini atmay\u0131 ama\u00e7l\u0131yor.<\/p>\n<p style=\"text-align: justify;\">Yar\u0131na kadar devam edecek toplant\u0131ya kat\u0131lan Suriye heyetinin ba\u015fkanl\u0131\u011f\u0131n\u0131 E\u011fitim Bakan\u0131 ve Ulusal E\u011fitim, Bilim ve K\u00fclt\u00fcr Komitesi Ba\u015fkan\u0131 Muhammed Amir Mardini \u00a0yap\u0131yor.<\/p>\n<p style=\"text-align: justify;\">Toplant\u0131da e\u011fitim, sa\u011fl\u0131k, \u00e7evresel s\u00fcrd\u00fcr\u00fclebilirlik ve teknoloji aras\u0131ndaki ba\u011flant\u0131lar\u0131n derinlemesine incelenmesinin yan\u0131 s\u0131ra tart\u0131\u015fma, deneyim ve \u00f6\u011frenilen derslerin payla\u015f\u0131lmas\u0131 ve \u00fcye \u00fclkeler aras\u0131nda \u00e7ok tarafl\u0131, \u00e7ok sekt\u00f6rl\u00fc ve payda\u015f diyalo\u011funun g\u00fc\u00e7lendirilmesi i\u00e7in \u00e7al\u0131\u015fma oturumlar\u0131 yer al\u0131yor.<\/p>\n<p style=\"text-align: center;\"><strong><a href=\"https:\/\/t.me\/SuriyeArapHaberAjansI\">Telegram Kanal\u0131m\u0131z\u00a0<\/a>||<a href=\"https:\/\/twitter.com\/arap_ajans\">X Platformumuz\u00a0<\/a>||<a href=\"https:\/\/www.facebook.com\/SANAHaberAjansi\/\">Facebook Sayfam\u0131z<\/a><\/strong><\/p>\n","protected":false},"excerpt":{"rendered":"<p>BREZ\u0130LYA (SANA) &#8211; \u00a0Suriye, Brezilya&#8217;n\u0131n Fortaleza \u015fehrinde d\u00fczenlenen 2024 D\u00fcnya E\u011fitim Toplant\u0131s\u0131 \u00e7al\u0131\u015fmalar\u0131na kat\u0131ldi\/ Toplant\u0131, e\u011fitime y\u00f6nelik siyasi seferberli\u011fin ana a\u015famas\u0131n\u0131 olu\u015fturmay\u0131 ve 2030 sonras\u0131 g\u00fcndemde ortak bir e\u011fitim vizyonunun temellerini atmay\u0131 ama\u00e7l\u0131yor. Yar\u0131na kadar devam edecek toplant\u0131ya kat\u0131lan Suriye heyetinin ba\u015fkanl\u0131\u011f\u0131n\u0131 E\u011fitim Bakan\u0131 ve Ulusal E\u011fitim, Bilim ve K\u00fclt\u00fcr Komitesi Ba\u015fkan\u0131 Muhammed Amir Mardini &hellip;<\/p>\n","protected":false},"author":41,"featured_media":310842,"comment_status":"closed","ping_status":"closed","sticky":false,"template":"","format":"standard","meta":{"footnotes":""},"categories":[458,589,459,17988],"tags":[42795,16591,19043,38641],"class_list":["post-310841","post","type-post","status-publish","format-standard","has-post-thumbnail","","category-dunya1","category-haber-seridi","category-haberler-arap-uluslararasi-politika","category-son-haberler","tag-brezilyadaki-2024-dunya-egitim-toplantisina-katildi","tag-suriye","tag-suriyede-son-durum","tag-suriyede-son-gelimeler"],"_links":{"self":[{"href":"https:\/\/archive.sana.sy\/tr\/index.php?rest_route=\/wp\/v2\/posts\/310841","targetHints":{"allow":["GET"]}}],"collection":[{"href":"https:\/\/archive.sana.sy\/tr\/index.php?rest_route=\/wp\/v2\/posts"}],"about":[{"href":"https:\/\/archive.sana.sy\/tr\/index.php?rest_route=\/wp\/v2\/types\/post"}],"author":[{"embeddable":true,"href":"https:\/\/archive.sana.sy\/tr\/index.php?rest_route=\/wp\/v2\/users\/41"}],"replies":[{"embeddable":true,"href":"https:\/\/archive.sana.sy\/tr\/index.php?rest_route=%2Fwp%2Fv2%2Fcomments&post=310841"}],"version-history":[{"count":3,"href":"https:\/\/archive.sana.sy\/tr\/index.php?rest_route=\/wp\/v2\/posts\/310841\/revisions"}],"predecessor-version":[{"id":310845,"href":"https:\/\/archive.sana.sy\/tr\/index.php?rest_route=\/wp\/v2\/posts\/310841\/revisions\/310845"}],"wp:featuredmedia":[{"embeddable":true,"href":"https:\/\/archive.sana.sy\/tr\/index.php?rest_route=\/wp\/v2\/media\/310842"}],"wp:attachment":[{"href":"https:\/\/archive.sana.sy\/tr\/index.php?rest_route=%2Fwp%2Fv2%2Fmedia&parent=310841"}],"wp:term":[{"taxonomy":"category","embeddable":true,"href":"https:\/\/archive.sana.sy\/tr\/index.php?rest_route=%2Fwp%2Fv2%2Fcategories&post=310841"},{"taxonomy":"post_tag","embeddable":true,"href":"https:\/\/archive.sana.sy\/tr\/index.php?rest_route=%2Fwp%2Fv2%2Ftags&post=310841"}],"curies":[{"name":"wp","href":"https:\/\/api.w.org\/{rel}","templated":true}]}}