{"id":310846,"date":"2024-10-31T18:35:46","date_gmt":"2024-10-31T15:35:46","guid":{"rendered":"https:\/\/sana.sy\/tr\/?p=310846"},"modified":"2024-10-31T18:35:46","modified_gmt":"2024-10-31T15:35:46","slug":"tartustaki-lubnandan-gelenlere-ve-han-seyhun-halkina-rusyadan-saglanan-insani-yardim-dagitildi","status":"publish","type":"post","link":"https:\/\/archive.sana.sy\/tr\/?p=310846","title":{"rendered":"Tartus&#8217;taki L\u00fcbnan\u2019dan Gelenlere Ve Han \u015eeyhun Halk\u0131na Rusya\u2019dan Sa\u011flanan \u0130nsani Yard\u0131m Da\u011f\u0131t\u0131ld\u0131"},"content":{"rendered":"<p style=\"text-align: justify;\"><strong>\u015eAM (SANA) &#8211;<\/strong> \u00a0Suriye&#8217;deki Rusya Koordinasyon Merkezi, \u0130dlib k\u0131rsal\u0131ndaki Han \u015eeyhun kentindeki halka insani yard\u0131m da\u011f\u0131tt\u0131.<\/p>\n<p style=\"text-align: justify;\">Yard\u0131m kapsam\u0131nda \u0130srail&#8217;in sald\u0131rganl\u0131\u011f\u0131 sonucunda L\u00fcbnan&#8217;da ya\u015fayanlara ve L\u00fcbnan&#8217;dan gelenlere \u015feker, pirin\u00e7, \u00e7ay, un ve konserve s\u00fctten olu\u015fan 3 ton \u00e7e\u015fitli g\u0131da maddesi da\u011f\u0131t\u0131ld\u0131.<\/p>\n<p style=\"text-align: justify;\">Rusya Koordinasyon Merkezi ayr\u0131ca Tartus kentine gelen L\u00fcbnanl\u0131lara 3 ton g\u0131da yard\u0131m\u0131 da da\u011f\u0131tt\u0131.<\/p>\n<p style=\"text-align: center;\"><strong><a href=\"https:\/\/t.me\/SuriyeArapHaberAjansI\">Telegram Kanal\u0131m\u0131z\u00a0<\/a>||<a href=\"https:\/\/twitter.com\/arap_ajans\">X Platformumuz\u00a0<\/a>||<a href=\"https:\/\/www.facebook.com\/SANAHaberAjansi\/\">Facebook Sayfam\u0131z<\/a><\/strong><\/p>\n<div id='gallery-1' class='gallery galleryid-310846 gallery-columns-4 gallery-size-thumbnail'><figure class='gallery-item'>\n\t\t\t<div class='gallery-icon landscape'>\n\t\t\t\t<a href='https:\/\/archive.sana.sy\/tr\/?attachment_id=310848'><img loading=\"lazy\" decoding=\"async\" width=\"150\" height=\"150\" src=\"https:\/\/archive.sana.sy\/tr\/wp-content\/uploads\/2024\/10\/3-14-150x150.jpg\" class=\"attachment-thumbnail size-thumbnail\" alt=\"\" \/><\/a>\n\t\t\t<\/div><\/figure><figure class='gallery-item'>\n\t\t\t<div class='gallery-icon landscape'>\n\t\t\t\t<a href='https:\/\/archive.sana.sy\/tr\/?attachment_id=310849'><img loading=\"lazy\" decoding=\"async\" width=\"150\" height=\"150\" src=\"https:\/\/archive.sana.sy\/tr\/wp-content\/uploads\/2024\/10\/photo_2024-10-31_16-38-03-150x150.jpg\" class=\"attachment-thumbnail size-thumbnail\" alt=\"\" \/><\/a>\n\t\t\t<\/div><\/figure><figure class='gallery-item'>\n\t\t\t<div class='gallery-icon landscape'>\n\t\t\t\t<a href='https:\/\/archive.sana.sy\/tr\/?attachment_id=310850'><img loading=\"lazy\" decoding=\"async\" width=\"150\" height=\"150\" src=\"https:\/\/archive.sana.sy\/tr\/wp-content\/uploads\/2024\/10\/1-20-150x150.jpg\" class=\"attachment-thumbnail size-thumbnail\" alt=\"\" \/><\/a>\n\t\t\t<\/div><\/figure><figure class='gallery-item'>\n\t\t\t<div class='gallery-icon landscape'>\n\t\t\t\t<a href='https:\/\/archive.sana.sy\/tr\/?attachment_id=310851'><img loading=\"lazy\" decoding=\"async\" width=\"150\" height=\"150\" src=\"https:\/\/archive.sana.sy\/tr\/wp-content\/uploads\/2024\/10\/2-17-150x150.jpg\" class=\"attachment-thumbnail size-thumbnail\" alt=\"\" \/><\/a>\n\t\t\t<\/div><\/figure>\n\t\t<\/div>\n\n","protected":false},"excerpt":{"rendered":"<p>\u015eAM (SANA) &#8211; \u00a0Suriye&#8217;deki Rusya Koordinasyon Merkezi, \u0130dlib k\u0131rsal\u0131ndaki Han \u015eeyhun kentindeki halka insani yard\u0131m da\u011f\u0131tt\u0131. Yard\u0131m kapsam\u0131nda \u0130srail&#8217;in sald\u0131rganl\u0131\u011f\u0131 sonucunda L\u00fcbnan&#8217;da ya\u015fayanlara ve L\u00fcbnan&#8217;dan gelenlere \u015feker, pirin\u00e7, \u00e7ay, un ve konserve s\u00fctten olu\u015fan 3 ton \u00e7e\u015fitli g\u0131da maddesi da\u011f\u0131t\u0131ld\u0131. Rusya Koordinasyon Merkezi ayr\u0131ca Tartus kentine gelen L\u00fcbnanl\u0131lara 3 ton g\u0131da yard\u0131m\u0131 da da\u011f\u0131tt\u0131. Telegram &hellip;<\/p>\n","protected":false},"author":41,"featured_media":310847,"comment_status":"closed","ping_status":"closed","sticky":false,"template":"","format":"standard","meta":{"footnotes":""},"categories":[458,589,459,17988],"tags":[42796],"class_list":["post-310846","post","type-post","status-publish","format-standard","has-post-thumbnail","","category-dunya1","category-haber-seridi","category-haberler-arap-uluslararasi-politika","category-son-haberler","tag-tartustaki-lubnandan-gelenlere-ve-han-seyhun-halkina-rusyadan-saglanan-insani-yardimlar-dagitildi"],"_links":{"self":[{"href":"https:\/\/archive.sana.sy\/tr\/index.php?rest_route=\/wp\/v2\/posts\/310846","targetHints":{"allow":["GET"]}}],"collection":[{"href":"https:\/\/archive.sana.sy\/tr\/index.php?rest_route=\/wp\/v2\/posts"}],"about":[{"href":"https:\/\/archive.sana.sy\/tr\/index.php?rest_route=\/wp\/v2\/types\/post"}],"author":[{"embeddable":true,"href":"https:\/\/archive.sana.sy\/tr\/index.php?rest_route=\/wp\/v2\/users\/41"}],"replies":[{"embeddable":true,"href":"https:\/\/archive.sana.sy\/tr\/index.php?rest_route=%2Fwp%2Fv2%2Fcomments&post=310846"}],"version-history":[{"count":1,"href":"https:\/\/archive.sana.sy\/tr\/index.php?rest_route=\/wp\/v2\/posts\/310846\/revisions"}],"predecessor-version":[{"id":310852,"href":"https:\/\/archive.sana.sy\/tr\/index.php?rest_route=\/wp\/v2\/posts\/310846\/revisions\/310852"}],"wp:featuredmedia":[{"embeddable":true,"href":"https:\/\/archive.sana.sy\/tr\/index.php?rest_route=\/wp\/v2\/media\/310847"}],"wp:attachment":[{"href":"https:\/\/archive.sana.sy\/tr\/index.php?rest_route=%2Fwp%2Fv2%2Fmedia&parent=310846"}],"wp:term":[{"taxonomy":"category","embeddable":true,"href":"https:\/\/archive.sana.sy\/tr\/index.php?rest_route=%2Fwp%2Fv2%2Fcategories&post=310846"},{"taxonomy":"post_tag","embeddable":true,"href":"https:\/\/archive.sana.sy\/tr\/index.php?rest_route=%2Fwp%2Fv2%2Ftags&post=310846"}],"curies":[{"name":"wp","href":"https:\/\/api.w.org\/{rel}","templated":true}]}}