{"id":310861,"date":"2024-11-01T10:54:04","date_gmt":"2024-11-01T07:54:04","guid":{"rendered":"https:\/\/sana.sy\/tr\/?p=310861"},"modified":"2024-11-01T10:54:04","modified_gmt":"2024-11-01T07:54:04","slug":"lavrov-israil-varliginin-lubnan-ve-filistindeki-direnis-liderlerine-suikast-duzenleyerek-isledigi-suclari-kinadi","status":"publish","type":"post","link":"https:\/\/archive.sana.sy\/tr\/?p=310861","title":{"rendered":"Lavrov, \u0130srail Varl\u0131\u011f\u0131n\u0131n L\u00fcbnan ve Filistin&#8217;deki Direni\u015f Liderlerine Suikast D\u00fczenleyerek \u0130\u015fledi\u011fi Su\u00e7lar\u0131 K\u0131nad\u0131"},"content":{"rendered":"<p style=\"text-align: justify;\"><strong>MOSKOVA (SANA) &#8211; <\/strong>Rusya D\u0131\u015fi\u015fleri Bakan\u0131 Sergey Lavrov, \u0130srail varl\u0131\u011f\u0131n\u0131n L\u00fcbnan ve Filistin direni\u015findeki siyasi liderlerin yan\u0131 s\u0131ra \u00fcst d\u00fczey \u0130ranl\u0131 subaylara kar\u015f\u0131 i\u015fledi\u011fi suikast su\u00e7lar\u0131n\u0131 k\u0131nad\u0131.<\/p>\n<p style=\"text-align: justify;\">TASS aktard\u0131\u011f\u0131na g\u00f6re, Lavrov&#8217;un H\u00fcrriyet gazetesine verdi\u011fi r\u00f6portajda: \u201cRusya, bu eylemlerin BM G\u00fcvenlik Konseyi taraf\u0131ndan de\u011ferlendirilmesini \u00f6nerdi&#8230; ancak bu t\u00fcr giri\u015fimlerin Konseyin Bat\u0131l\u0131 \u00fcyeleri taraf\u0131ndan engellenmesi nedeniyle bu m\u00fcmk\u00fcn olmad\u0131\u201d dedi.<\/p>\n<p style=\"text-align: justify;\">Lavrov, \u0130srail&#8217;in Gazze \u015eeridi ve L\u00fcbnan&#8217;a y\u00f6nelik sald\u0131r\u0131lar\u0131n\u0131n onbinlerce masum insan\u0131n \u00f6l\u00fcm\u00fcne yol a\u00e7t\u0131\u011f\u0131na, \u0130srail&#8217;in t\u0131rmand\u0131rarak daha fazla \u00fclkeyi \u00e7at\u0131\u015fma sarmal\u0131na \u00e7ekti\u011fine dikkat \u00e7ekti.<\/p>\n<p style=\"text-align: justify;\">Lavrov, Moskova&#8217;n\u0131n Ortado\u011fu&#8217;da akan kan\u0131n durdurulmas\u0131 ve ate\u015fkes i\u00e7in gerekli ko\u015fullar\u0131n yarat\u0131lmas\u0131 y\u00f6n\u00fcndeki talebini yineleyerek, \u00e7\u00f6z\u00fcm\u00fcn, ba\u011f\u0131ms\u0131z bir Filistin devletinin kurulmas\u0131n\u0131 da i\u00e7eren, tan\u0131nm\u0131\u015f uluslararas\u0131 yasal temeller \u00fczerinde siyasi bir \u00e7\u00f6z\u00fcm yoluyla m\u00fcmk\u00fcn oldu\u011funu vurgulad\u0131.<\/p>\n<p style=\"text-align: justify;\">Lavrov, yaln\u0131zca b\u00f6yle bir \u00e7\u00f6z\u00fcm\u00fcn Orta Do\u011fu&#8217;da istikrarl\u0131 ve kal\u0131c\u0131 bar\u0131\u015f\u0131 garanti edebilece\u011fine olan g\u00fcvenini dile getirdi.<\/p>\n<p style=\"text-align: center;\"><strong><a href=\"https:\/\/t.me\/SuriyeArapHaberAjansI\">Telegram Kanal\u0131m\u0131z\u00a0<\/a>||<a href=\"https:\/\/twitter.com\/arap_ajans\">X Platformumuz\u00a0<\/a>||<a href=\"https:\/\/www.facebook.com\/SANAHaberAjansi\/\">Facebook Sayfam\u0131z<\/a><\/strong><\/p>\n","protected":false},"excerpt":{"rendered":"<p>MOSKOVA (SANA) &#8211; Rusya D\u0131\u015fi\u015fleri Bakan\u0131 Sergey Lavrov, \u0130srail varl\u0131\u011f\u0131n\u0131n L\u00fcbnan ve Filistin direni\u015findeki siyasi liderlerin yan\u0131 s\u0131ra \u00fcst d\u00fczey \u0130ranl\u0131 subaylara kar\u015f\u0131 i\u015fledi\u011fi suikast su\u00e7lar\u0131n\u0131 k\u0131nad\u0131. TASS aktard\u0131\u011f\u0131na g\u00f6re, Lavrov&#8217;un H\u00fcrriyet gazetesine verdi\u011fi r\u00f6portajda: \u201cRusya, bu eylemlerin BM G\u00fcvenlik Konseyi taraf\u0131ndan de\u011ferlendirilmesini \u00f6nerdi&#8230; ancak bu t\u00fcr giri\u015fimlerin Konseyin Bat\u0131l\u0131 \u00fcyeleri taraf\u0131ndan engellenmesi nedeniyle bu &hellip;<\/p>\n","protected":false},"author":36,"featured_media":310862,"comment_status":"closed","ping_status":"closed","sticky":false,"template":"","format":"standard","meta":{"footnotes":""},"categories":[458,589,459,17988],"tags":[],"class_list":["post-310861","post","type-post","status-publish","format-standard","has-post-thumbnail","","category-dunya1","category-haber-seridi","category-haberler-arap-uluslararasi-politika","category-son-haberler"],"_links":{"self":[{"href":"https:\/\/archive.sana.sy\/tr\/index.php?rest_route=\/wp\/v2\/posts\/310861","targetHints":{"allow":["GET"]}}],"collection":[{"href":"https:\/\/archive.sana.sy\/tr\/index.php?rest_route=\/wp\/v2\/posts"}],"about":[{"href":"https:\/\/archive.sana.sy\/tr\/index.php?rest_route=\/wp\/v2\/types\/post"}],"author":[{"embeddable":true,"href":"https:\/\/archive.sana.sy\/tr\/index.php?rest_route=\/wp\/v2\/users\/36"}],"replies":[{"embeddable":true,"href":"https:\/\/archive.sana.sy\/tr\/index.php?rest_route=%2Fwp%2Fv2%2Fcomments&post=310861"}],"version-history":[{"count":2,"href":"https:\/\/archive.sana.sy\/tr\/index.php?rest_route=\/wp\/v2\/posts\/310861\/revisions"}],"predecessor-version":[{"id":310882,"href":"https:\/\/archive.sana.sy\/tr\/index.php?rest_route=\/wp\/v2\/posts\/310861\/revisions\/310882"}],"wp:featuredmedia":[{"embeddable":true,"href":"https:\/\/archive.sana.sy\/tr\/index.php?rest_route=\/wp\/v2\/media\/310862"}],"wp:attachment":[{"href":"https:\/\/archive.sana.sy\/tr\/index.php?rest_route=%2Fwp%2Fv2%2Fmedia&parent=310861"}],"wp:term":[{"taxonomy":"category","embeddable":true,"href":"https:\/\/archive.sana.sy\/tr\/index.php?rest_route=%2Fwp%2Fv2%2Fcategories&post=310861"},{"taxonomy":"post_tag","embeddable":true,"href":"https:\/\/archive.sana.sy\/tr\/index.php?rest_route=%2Fwp%2Fv2%2Ftags&post=310861"}],"curies":[{"name":"wp","href":"https:\/\/api.w.org\/{rel}","templated":true}]}}