{"id":310864,"date":"2024-11-01T11:52:48","date_gmt":"2024-11-01T08:52:48","guid":{"rendered":"https:\/\/sana.sy\/tr\/?p=310864"},"modified":"2024-11-01T15:04:13","modified_gmt":"2024-11-01T12:04:13","slug":"israilin-baalbek-ve-bircok-koye-yonelik-saldirisi-sonucu-11-sehit-14-kisi-de-yaralandi","status":"publish","type":"post","link":"https:\/\/archive.sana.sy\/tr\/?p=310864","title":{"rendered":"\u0130srail&#8217;in Baalbek ve Bir\u00e7ok K\u00f6ye Y\u00f6nelik Sald\u0131r\u0131s\u0131 Sonucu 11 \u015eehit, 14 Ki\u015fi De Yaraland\u0131"},"content":{"rendered":"<p style=\"text-align: justify;\"><strong>BEYRUT (SANA) &#8211; <\/strong>L\u00fcbnan Ulusal Haber Ajans\u0131, \u0130srail&#8217;in d\u00fcn Baalbek il\u00e7esi ve k\u00f6ylerine y\u00f6nelik barbar sald\u0131r\u0131s\u0131nda 11 ki\u015finin \u015fehit d\u00fc\u015fmesine, 14 ki\u015finin de yaralanmas\u0131na neden oldu\u011funu duyurdu.<\/p>\n<p style=\"text-align: justify;\">Ajans ayr\u0131ca, d\u00fc\u015fman \u0130srai&#8217;in d\u00fcn sabah Budai kasabas\u0131nda bir evi hedef alarak Baalbek ve il\u00e7eye ba\u011fl\u0131 k\u00f6ylerde g\u00fcvenli sivillere y\u00f6nelik katliamlara devam etti\u011fini ve bu katliam\u0131n 2&#8217;si \u00e7ocuk 4 ki\u015finin \u015fehit d\u00fc\u015fmesine yol a\u00e7t\u0131\u011f\u0131n\u0131 belirtti.<\/p>\n<p style=\"text-align: justify;\">Baalbek&#8217;in kuzeyindeki Maknah kasabas\u0131nda ise 4&#8217;\u00fc \u00e7ocuk 6 ki\u015finin \u015fehit d\u00fc\u015ft\u00fc\u011f\u00fc, 6 vatanda\u015f\u0131n yaraland\u0131\u011f\u0131 bir katliam daha ya\u015fand\u0131.<\/p>\n<p style=\"text-align: justify;\">D\u00fc\u015fman \u0130srail u\u00e7aklar\u0131, Dors&#8217;te El Tadud mahallesinde, B\u00f6lgesel Sivil Savunma Merkezi ve Emel Hareketi&#8217;nin Bekaa B\u00f6lge Komuta Binas\u0131 yak\u0131n\u0131ndaki bir binay\u0131 da tahrip etti ve maddi hasarlarla s\u0131n\u0131rl\u0131 kald\u0131.<\/p>\n<p style=\"text-align: justify;\">Bu ba\u00fclamda da, bug\u00fcn \u015fafak vakti d\u00fc\u015fman u\u00e7aklar\u0131 Ayn El Rumane &#8211; Aley b\u00f6lgesinde bir apartman dairesini hedef ald\u0131 ve ilk raporlar \u015fehit ve yaral\u0131lar\u0131n oldu\u011funu g\u00f6steriyor.<\/p>\n<p style=\"text-align: center;\"><strong><a href=\"https:\/\/t.me\/SuriyeArapHaberAjansI\">Telegram Kanal\u0131m\u0131z\u00a0<\/a>||<a href=\"https:\/\/twitter.com\/arap_ajans\">X Platformumuz\u00a0<\/a>||<a href=\"https:\/\/www.facebook.com\/SANAHaberAjansi\/\">Facebook Sayfam\u0131z<\/a><\/strong><\/p>\n<p>&nbsp;<\/p>\n","protected":false},"excerpt":{"rendered":"<p>BEYRUT (SANA) &#8211; L\u00fcbnan Ulusal Haber Ajans\u0131, \u0130srail&#8217;in d\u00fcn Baalbek il\u00e7esi ve k\u00f6ylerine y\u00f6nelik barbar sald\u0131r\u0131s\u0131nda 11 ki\u015finin \u015fehit d\u00fc\u015fmesine, 14 ki\u015finin de yaralanmas\u0131na neden oldu\u011funu duyurdu. Ajans ayr\u0131ca, d\u00fc\u015fman \u0130srai&#8217;in d\u00fcn sabah Budai kasabas\u0131nda bir evi hedef alarak Baalbek ve il\u00e7eye ba\u011fl\u0131 k\u00f6ylerde g\u00fcvenli sivillere y\u00f6nelik katliamlara devam etti\u011fini ve bu katliam\u0131n 2&#8217;si \u00e7ocuk &hellip;<\/p>\n","protected":false},"author":36,"featured_media":310865,"comment_status":"closed","ping_status":"closed","sticky":false,"template":"","format":"standard","meta":{"footnotes":""},"categories":[458,589,459,17988],"tags":[42799,42798],"class_list":["post-310864","post","type-post","status-publish","format-standard","has-post-thumbnail","","category-dunya1","category-haber-seridi","category-haberler-arap-uluslararasi-politika","category-son-haberler","tag-14-kisi-de-yaralandi","tag-israilin-baalbek-ve-bircok-koye-yonelik-saldirisi-sonucu-11-sehit"],"_links":{"self":[{"href":"https:\/\/archive.sana.sy\/tr\/index.php?rest_route=\/wp\/v2\/posts\/310864","targetHints":{"allow":["GET"]}}],"collection":[{"href":"https:\/\/archive.sana.sy\/tr\/index.php?rest_route=\/wp\/v2\/posts"}],"about":[{"href":"https:\/\/archive.sana.sy\/tr\/index.php?rest_route=\/wp\/v2\/types\/post"}],"author":[{"embeddable":true,"href":"https:\/\/archive.sana.sy\/tr\/index.php?rest_route=\/wp\/v2\/users\/36"}],"replies":[{"embeddable":true,"href":"https:\/\/archive.sana.sy\/tr\/index.php?rest_route=%2Fwp%2Fv2%2Fcomments&post=310864"}],"version-history":[{"count":4,"href":"https:\/\/archive.sana.sy\/tr\/index.php?rest_route=\/wp\/v2\/posts\/310864\/revisions"}],"predecessor-version":[{"id":310871,"href":"https:\/\/archive.sana.sy\/tr\/index.php?rest_route=\/wp\/v2\/posts\/310864\/revisions\/310871"}],"wp:featuredmedia":[{"embeddable":true,"href":"https:\/\/archive.sana.sy\/tr\/index.php?rest_route=\/wp\/v2\/media\/310865"}],"wp:attachment":[{"href":"https:\/\/archive.sana.sy\/tr\/index.php?rest_route=%2Fwp%2Fv2%2Fmedia&parent=310864"}],"wp:term":[{"taxonomy":"category","embeddable":true,"href":"https:\/\/archive.sana.sy\/tr\/index.php?rest_route=%2Fwp%2Fv2%2Fcategories&post=310864"},{"taxonomy":"post_tag","embeddable":true,"href":"https:\/\/archive.sana.sy\/tr\/index.php?rest_route=%2Fwp%2Fv2%2Ftags&post=310864"}],"curies":[{"name":"wp","href":"https:\/\/api.w.org\/{rel}","templated":true}]}}