{"id":310872,"date":"2024-10-31T22:12:34","date_gmt":"2024-10-31T19:12:34","guid":{"rendered":"https:\/\/sana.sy\/tr\/?p=310872"},"modified":"2024-11-01T18:26:39","modified_gmt":"2024-11-01T15:26:39","slug":"buyukelci-ala-isgalin-unrwa-faaliyetlerini-yasaklama-karari-bunu-caydirmak-icin-uluslararasi-bir-tepki-gerektiriyor","status":"publish","type":"post","link":"https:\/\/archive.sana.sy\/tr\/?p=310872","title":{"rendered":"B\u00fcy\u00fckel\u00e7i Ala: \u0130\u015fgalin UNRWA Faaliyetlerini Yasaklama Karar\u0131, Bunu Cayd\u0131rmak \u0130\u00e7in Uluslararas\u0131 Bir Tepki Gerektiriyor"},"content":{"rendered":"<p style=\"text-align: justify;\"><strong>KAH\u0130RE (SANA) &#8211;<\/strong> Suriye&#8217;nin Arap Devletleri Birli\u011fi Daimi Temsilcisi B\u00fcy\u00fckel\u00e7i H\u00fcsamettin Ala, Suriye&#8217;nin i\u015fgalci \u0130srail\u2019in , Birle\u015fmi\u015f Milletler Filistinli M\u00fcltecilere Yard\u0131m ve Bay\u0131nd\u0131rl\u0131k Ajans\u0131&#8217;n\u0131n (UNRWA) i\u015fgal alt\u0131ndaki Filistin topraklar\u0131ndaki faaliyetlerini yasaklama karar\u0131n\u0131 k\u0131nad\u0131\u011f\u0131n\u0131 yineleyerek, bu tedbirin Filistin halk\u0131n\u0131n temel haklar\u0131n\u0131 baltalamay\u0131 ama\u00e7lad\u0131\u011f\u0131n\u0131 ve i\u015fgal yetkililerinin Filistin halk\u0131n\u0131 hayat kurtaran yard\u0131ma eri\u015fimden mahrum b\u0131rakmak i\u00e7in izledi\u011fi toplu cezaland\u0131rma politikas\u0131n\u0131 s\u00fcrd\u00fcrd\u00fc\u011f\u00fcn\u00fc vurgulad\u0131.<\/p>\n<p style=\"text-align: justify;\">Birle\u015fmi\u015f Milletler Filistinli M\u00fcltecilere Yard\u0131m ve Bay\u0131nd\u0131rl\u0131k Ajans\u0131&#8217;n\u0131n (UNRWA) faaliyetlerini yasaklamaya y\u00f6nelik i\u015fgal kararlar\u0131n\u0131 tart\u0131\u015fmak \u00fczere Birlik Konseyi&#8217;nin daimi delegeler d\u00fczeyindeki ola\u011fan\u00fcst\u00fc oturumu s\u0131ras\u0131nda B\u00fcy\u00fckel\u00e7i Ala, \u2018\u2019\u0130srail&#8217;in karar\u0131, kelimelerin halk\u0131n \u00e7ekti\u011fi ac\u0131lar\u0131 tarif etmekte yetersiz kald\u0131\u011f\u0131 bir zamanda geldi\u2019\u2019 dedi.<\/p>\n<p style=\"text-align: justify;\">B\u00fcy\u00fckel\u00e7i Alla ayr\u0131ca, i\u015fgalin UNRWA genel merkezini bo\u015faltma ve ayr\u0131cal\u0131k ve dokunulmazl\u0131klar\u0131n\u0131 iptal etme kararlar\u0131n\u0131n, Filistin halk\u0131n\u0131n geri d\u00f6n\u00fc\u015f hakk\u0131n\u0131n garant\u00f6r\u00fc olan te\u015fkilattan kurtulma konusundaki sistematik \u0131srar\u0131n\u0131 do\u011frulad\u0131\u011f\u0131n\u0131 a\u00e7\u0131klad\u0131.<\/p>\n<p style=\"text-align: justify;\">Alla konu\u015fmas\u0131nda da, Suriye&#8217;nin, \u0130srail&#8217;in UNRWA&#8217;ya kar\u015f\u0131 ald\u0131\u011f\u0131 kararlar\u0131n yasa d\u0131\u015f\u0131 oldu\u011funa ve ajans\u0131 \u0130srail&#8217;in karargah\u0131n\u0131 ve \u00e7al\u0131\u015fanlar\u0131n\u0131 kas\u0131tl\u0131 olarak hedef almas\u0131na kar\u015f\u0131 koruman\u0131n \u00f6nemine vurgu yapt\u0131\u011f\u0131n\u0131 yineledi<\/p>\n<p style=\"text-align: justify;\">\u2018\u2019Suriye, Filistinlileri insani yard\u0131mdan mahrum b\u0131rakman\u0131n ve bunu \u0130srail&#8217;in onlara kar\u015f\u0131 y\u00fcr\u00fctt\u00fc\u011f\u00fc soyk\u0131r\u0131m sava\u015f\u0131n\u0131n bir arac\u0131na d\u00f6n\u00fc\u015ft\u00fcrmenin ciddi insani yans\u0131malar\u0131 konusunda uyar\u0131yor\u2019\u2019 ifadelerini kulanan Ala konu\u015fmas\u0131n\u0131 \u015fu ifadelerle tamamlad\u0131: \u2018\u2019\u0130\u015fgalci varl\u0131\u011f\u0131n Filistin halk\u0131na kar\u015f\u0131 i\u015fledi\u011fi su\u00e7larla y\u00fczle\u015fmek i\u00e7in uluslararas\u0131 deste\u011fi harekete ge\u00e7irmek ve UNRWA&#8217;ya kar\u015f\u0131 ge\u00e7ersiz tek tarafl\u0131 \u00f6nlemlerini geri almaya zorlamak amac\u0131yla Konsey&#8217;e sunulan karar tasla\u011f\u0131nda yer alan ad\u0131mlar\u0131 memnuniyetle kar\u015f\u0131l\u0131yor.\u2019\u2019<\/p>\n<p style=\"text-align: center;\"><strong><a href=\"https:\/\/t.me\/SuriyeArapHaberAjansI\">Telegram Kanal\u0131m\u0131z\u00a0<\/a>||<a href=\"https:\/\/twitter.com\/arap_ajans\">X Platformumuz\u00a0<\/a>||<a href=\"https:\/\/www.facebook.com\/SANAHaberAjansi\/\">Facebook Sayfam\u0131z<\/a><\/strong><\/p>\n","protected":false},"excerpt":{"rendered":"<p>KAH\u0130RE (SANA) &#8211; Suriye&#8217;nin Arap Devletleri Birli\u011fi Daimi Temsilcisi B\u00fcy\u00fckel\u00e7i H\u00fcsamettin Ala, Suriye&#8217;nin i\u015fgalci \u0130srail\u2019in , Birle\u015fmi\u015f Milletler Filistinli M\u00fcltecilere Yard\u0131m ve Bay\u0131nd\u0131rl\u0131k Ajans\u0131&#8217;n\u0131n (UNRWA) i\u015fgal alt\u0131ndaki Filistin topraklar\u0131ndaki faaliyetlerini yasaklama karar\u0131n\u0131 k\u0131nad\u0131\u011f\u0131n\u0131 yineleyerek, bu tedbirin Filistin halk\u0131n\u0131n temel haklar\u0131n\u0131 baltalamay\u0131 ama\u00e7lad\u0131\u011f\u0131n\u0131 ve i\u015fgal yetkililerinin Filistin halk\u0131n\u0131 hayat kurtaran yard\u0131ma eri\u015fimden mahrum b\u0131rakmak i\u00e7in izledi\u011fi &hellip;<\/p>\n","protected":false},"author":41,"featured_media":310874,"comment_status":"closed","ping_status":"closed","sticky":false,"template":"","format":"standard","meta":{"footnotes":""},"categories":[458,589,459,17988],"tags":[],"class_list":["post-310872","post","type-post","status-publish","format-standard","has-post-thumbnail","","category-dunya1","category-haber-seridi","category-haberler-arap-uluslararasi-politika","category-son-haberler"],"_links":{"self":[{"href":"https:\/\/archive.sana.sy\/tr\/index.php?rest_route=\/wp\/v2\/posts\/310872","targetHints":{"allow":["GET"]}}],"collection":[{"href":"https:\/\/archive.sana.sy\/tr\/index.php?rest_route=\/wp\/v2\/posts"}],"about":[{"href":"https:\/\/archive.sana.sy\/tr\/index.php?rest_route=\/wp\/v2\/types\/post"}],"author":[{"embeddable":true,"href":"https:\/\/archive.sana.sy\/tr\/index.php?rest_route=\/wp\/v2\/users\/41"}],"replies":[{"embeddable":true,"href":"https:\/\/archive.sana.sy\/tr\/index.php?rest_route=%2Fwp%2Fv2%2Fcomments&post=310872"}],"version-history":[{"count":1,"href":"https:\/\/archive.sana.sy\/tr\/index.php?rest_route=\/wp\/v2\/posts\/310872\/revisions"}],"predecessor-version":[{"id":310873,"href":"https:\/\/archive.sana.sy\/tr\/index.php?rest_route=\/wp\/v2\/posts\/310872\/revisions\/310873"}],"wp:featuredmedia":[{"embeddable":true,"href":"https:\/\/archive.sana.sy\/tr\/index.php?rest_route=\/wp\/v2\/media\/310874"}],"wp:attachment":[{"href":"https:\/\/archive.sana.sy\/tr\/index.php?rest_route=%2Fwp%2Fv2%2Fmedia&parent=310872"}],"wp:term":[{"taxonomy":"category","embeddable":true,"href":"https:\/\/archive.sana.sy\/tr\/index.php?rest_route=%2Fwp%2Fv2%2Fcategories&post=310872"},{"taxonomy":"post_tag","embeddable":true,"href":"https:\/\/archive.sana.sy\/tr\/index.php?rest_route=%2Fwp%2Fv2%2Ftags&post=310872"}],"curies":[{"name":"wp","href":"https:\/\/api.w.org\/{rel}","templated":true}]}}