{"id":310875,"date":"2024-11-01T15:44:59","date_gmt":"2024-11-01T12:44:59","guid":{"rendered":"https:\/\/sana.sy\/tr\/?p=310875"},"modified":"2024-11-01T15:44:59","modified_gmt":"2024-11-01T12:44:59","slug":"iran-ulkenin-guneyinde-en-buyuk-nukleer-santralin-insaatina-basladi-2","status":"publish","type":"post","link":"https:\/\/archive.sana.sy\/tr\/?p=310875","title":{"rendered":"\u0130ran, \u00dclkenin G\u00fcneyinde En B\u00fcy\u00fck N\u00fckleer Santralin \u0130n\u015faat\u0131na Ba\u015flad\u0131"},"content":{"rendered":"<p style=\"text-align: justify;\"><strong>TAHRAN 01 \u015eUBAT (SANA) &#8211;<\/strong>\u00a0 \u0130ran Cumhurba\u015fkan\u0131 \u0130brahim Raisi, \u00fclkenin g\u00fcneyindeki Hormozgan Eyaleti&#8217;ne ba\u011fl\u0131 Sirik&#8217;te 5 bin megavat kapasiteli n\u00fckleer enerji santralinin in\u015faat\u0131na ba\u015fland\u0131\u011f\u0131n\u0131 duyurdu.<\/p>\n<p style=\"text-align: justify;\">\u0130ran Fars Haber Ajans\u0131, bug\u00fcn Hormozgan&#8217;da 157 sanayi projesinin a\u00e7\u0131l\u0131\u015f t\u00f6reninde Reisi&#8217;nin, \u201c5 bin megavat kapasiteli dev Serik n\u00fckleer santral projesi, \u00fclke ekonomisine altyap\u0131 olu\u015fturacak. \u0130ranl\u0131 uzmanlar, m\u00fchendisler ve i\u015f\u00e7ilerle dost \u00fclkelerden gelen uzmanlar\u0131n i\u015fbirli\u011fiyle bu istasyonun in\u015fas\u0131na ba\u015flanmas\u0131 \u00fcmit ediliyor&#8221; dedi\u011fini aktard\u0131.<\/p>\n<p style=\"text-align: justify;\">Reisi ayr\u0131ca, planlanan n\u00fckleer istasyonun, \u0130ran&#8217;\u0131n \u015fu ana kadarki en b\u00fcy\u00fck istasyonu olarak kabul edilen Bu\u015fehr&#8217;deki n\u00fckleer santralden \u00e7ok daha b\u00fcy\u00fck oldu\u011funa dikkat \u00e7ekti.<\/p>\n<p style=\"text-align: center;\"><strong><a href=\"https:\/\/t.me\/SuriyeArapHaberAjansI\">Telegram Kanal\u0131m\u0131z\u00a0<\/a>||<a href=\"https:\/\/twitter.com\/arap_ajans\">X Platformumuz\u00a0<\/a>||<a href=\"https:\/\/www.facebook.com\/SANAHaberAjansi\/\">Facebook Sayfam\u0131z<\/a><\/strong><\/p>\n","protected":false},"excerpt":{"rendered":"<p>TAHRAN 01 \u015eUBAT (SANA) &#8211;\u00a0 \u0130ran Cumhurba\u015fkan\u0131 \u0130brahim Raisi, \u00fclkenin g\u00fcneyindeki Hormozgan Eyaleti&#8217;ne ba\u011fl\u0131 Sirik&#8217;te 5 bin megavat kapasiteli n\u00fckleer enerji santralinin in\u015faat\u0131na ba\u015fland\u0131\u011f\u0131n\u0131 duyurdu. \u0130ran Fars Haber Ajans\u0131, bug\u00fcn Hormozgan&#8217;da 157 sanayi projesinin a\u00e7\u0131l\u0131\u015f t\u00f6reninde Reisi&#8217;nin, \u201c5 bin megavat kapasiteli dev Serik n\u00fckleer santral projesi, \u00fclke ekonomisine altyap\u0131 olu\u015fturacak. \u0130ranl\u0131 uzmanlar, m\u00fchendisler ve i\u015f\u00e7ilerle &hellip;<\/p>\n","protected":false},"author":41,"featured_media":310876,"comment_status":"closed","ping_status":"closed","sticky":false,"template":"","format":"standard","meta":{"footnotes":""},"categories":[458,589,459,17988],"tags":[3915,42800],"class_list":["post-310875","post","type-post","status-publish","format-standard","has-post-thumbnail","","category-dunya1","category-haber-seridi","category-haberler-arap-uluslararasi-politika","category-son-haberler","tag-iran","tag-ulkenin-guneyinde-en-buyuk-nukleer-santralin-insaatina-basladi"],"_links":{"self":[{"href":"https:\/\/archive.sana.sy\/tr\/index.php?rest_route=\/wp\/v2\/posts\/310875","targetHints":{"allow":["GET"]}}],"collection":[{"href":"https:\/\/archive.sana.sy\/tr\/index.php?rest_route=\/wp\/v2\/posts"}],"about":[{"href":"https:\/\/archive.sana.sy\/tr\/index.php?rest_route=\/wp\/v2\/types\/post"}],"author":[{"embeddable":true,"href":"https:\/\/archive.sana.sy\/tr\/index.php?rest_route=\/wp\/v2\/users\/41"}],"replies":[{"embeddable":true,"href":"https:\/\/archive.sana.sy\/tr\/index.php?rest_route=%2Fwp%2Fv2%2Fcomments&post=310875"}],"version-history":[{"count":1,"href":"https:\/\/archive.sana.sy\/tr\/index.php?rest_route=\/wp\/v2\/posts\/310875\/revisions"}],"predecessor-version":[{"id":310877,"href":"https:\/\/archive.sana.sy\/tr\/index.php?rest_route=\/wp\/v2\/posts\/310875\/revisions\/310877"}],"wp:featuredmedia":[{"embeddable":true,"href":"https:\/\/archive.sana.sy\/tr\/index.php?rest_route=\/wp\/v2\/media\/310876"}],"wp:attachment":[{"href":"https:\/\/archive.sana.sy\/tr\/index.php?rest_route=%2Fwp%2Fv2%2Fmedia&parent=310875"}],"wp:term":[{"taxonomy":"category","embeddable":true,"href":"https:\/\/archive.sana.sy\/tr\/index.php?rest_route=%2Fwp%2Fv2%2Fcategories&post=310875"},{"taxonomy":"post_tag","embeddable":true,"href":"https:\/\/archive.sana.sy\/tr\/index.php?rest_route=%2Fwp%2Fv2%2Ftags&post=310875"}],"curies":[{"name":"wp","href":"https:\/\/api.w.org\/{rel}","templated":true}]}}