{"id":310878,"date":"2024-11-01T14:47:26","date_gmt":"2024-11-01T11:47:26","guid":{"rendered":"https:\/\/sana.sy\/tr\/?p=310878"},"modified":"2024-11-01T15:53:33","modified_gmt":"2024-11-01T12:53:33","slug":"dusman-israilin-nuseyrat-kampinda-gerceklestirdigi-yeni-katliamda-29-sehit","status":"publish","type":"post","link":"https:\/\/archive.sana.sy\/tr\/?p=310878","title":{"rendered":"D\u00fc\u015fman \u0130srail\u2019in Nuseyrat Kamp\u0131nda Ger\u00e7ekle\u015ftirdi\u011fi Yeni Katliamda 29 \u015eehit"},"content":{"rendered":"<p style=\"text-align: justify;\"><strong>\u0130\u015eGAL ED\u0130LEN KUD\u00dcS (SANA)<\/strong> \u2013 D\u00fc\u015fman \u0130srail\u2019in Gazze \u015eeridi&#8217;nin Ortas\u0131nda Ger\u00e7ekle\u015ftirdi\u011fi yeni katliam sonucu bug\u00fcn 29 Filistinli \u015fehit oldu, onlarcas\u0131 da yaraland\u0131.<\/p>\n<p style=\"text-align: justify;\">Filistin medyas\u0131, i\u015fgal kuvvetlerinin Nuseyrat kamp\u0131ndaki bir\u00e7ok evi u\u00e7ak ve toplarla bombalad\u0131\u011f\u0131n\u0131, bunun 29 Filistinlinin \u00f6l\u00fcm\u00fcne ve onlarca ki\u015finin yaralanmas\u0131na yol a\u00e7t\u0131\u011f\u0131n\u0131 bildirdi.<\/p>\n<p style=\"text-align: justify;\">\u0130srail&#8217;in d\u00fc\u015fman drone&#8217;unun Gazze \u015fehrinin kuzeybat\u0131s\u0131ndaki bir grup Filistinliyi bombalamas\u0131 sonucu iki Filistinli de \u015fehit oldu, di\u011ferleri de yaraland\u0131.<\/p>\n<p style=\"text-align: center;\"><strong><a href=\"https:\/\/t.me\/SuriyeArapHaberAjansI\">Telegram Kanal\u0131m\u0131z\u00a0<\/a>||<a href=\"https:\/\/twitter.com\/arap_ajans\">X Platformumuz\u00a0<\/a>||<a href=\"https:\/\/www.facebook.com\/SANAHaberAjansi\/\">Facebook Sayfam\u0131z<\/a><\/strong><\/p>\n","protected":false},"excerpt":{"rendered":"<p>\u0130\u015eGAL ED\u0130LEN KUD\u00dcS (SANA) \u2013 D\u00fc\u015fman \u0130srail\u2019in Gazze \u015eeridi&#8217;nin Ortas\u0131nda Ger\u00e7ekle\u015ftirdi\u011fi yeni katliam sonucu bug\u00fcn 29 Filistinli \u015fehit oldu, onlarcas\u0131 da yaraland\u0131. Filistin medyas\u0131, i\u015fgal kuvvetlerinin Nuseyrat kamp\u0131ndaki bir\u00e7ok evi u\u00e7ak ve toplarla bombalad\u0131\u011f\u0131n\u0131, bunun 29 Filistinlinin \u00f6l\u00fcm\u00fcne ve onlarca ki\u015finin yaralanmas\u0131na yol a\u00e7t\u0131\u011f\u0131n\u0131 bildirdi. \u0130srail&#8217;in d\u00fc\u015fman drone&#8217;unun Gazze \u015fehrinin kuzeybat\u0131s\u0131ndaki bir grup Filistinliyi bombalamas\u0131 &hellip;<\/p>\n","protected":false},"author":41,"featured_media":310880,"comment_status":"closed","ping_status":"closed","sticky":false,"template":"","format":"standard","meta":{"footnotes":""},"categories":[458,589,459,17988],"tags":[42801],"class_list":["post-310878","post","type-post","status-publish","format-standard","has-post-thumbnail","","category-dunya1","category-haber-seridi","category-haberler-arap-uluslararasi-politika","category-son-haberler","tag-dusman-israilin-nuseyrat-kampinda-gerceklestirdigi-yeni-katliamda-29-sehit"],"_links":{"self":[{"href":"https:\/\/archive.sana.sy\/tr\/index.php?rest_route=\/wp\/v2\/posts\/310878","targetHints":{"allow":["GET"]}}],"collection":[{"href":"https:\/\/archive.sana.sy\/tr\/index.php?rest_route=\/wp\/v2\/posts"}],"about":[{"href":"https:\/\/archive.sana.sy\/tr\/index.php?rest_route=\/wp\/v2\/types\/post"}],"author":[{"embeddable":true,"href":"https:\/\/archive.sana.sy\/tr\/index.php?rest_route=\/wp\/v2\/users\/41"}],"replies":[{"embeddable":true,"href":"https:\/\/archive.sana.sy\/tr\/index.php?rest_route=%2Fwp%2Fv2%2Fcomments&post=310878"}],"version-history":[{"count":1,"href":"https:\/\/archive.sana.sy\/tr\/index.php?rest_route=\/wp\/v2\/posts\/310878\/revisions"}],"predecessor-version":[{"id":310881,"href":"https:\/\/archive.sana.sy\/tr\/index.php?rest_route=\/wp\/v2\/posts\/310878\/revisions\/310881"}],"wp:featuredmedia":[{"embeddable":true,"href":"https:\/\/archive.sana.sy\/tr\/index.php?rest_route=\/wp\/v2\/media\/310880"}],"wp:attachment":[{"href":"https:\/\/archive.sana.sy\/tr\/index.php?rest_route=%2Fwp%2Fv2%2Fmedia&parent=310878"}],"wp:term":[{"taxonomy":"category","embeddable":true,"href":"https:\/\/archive.sana.sy\/tr\/index.php?rest_route=%2Fwp%2Fv2%2Fcategories&post=310878"},{"taxonomy":"post_tag","embeddable":true,"href":"https:\/\/archive.sana.sy\/tr\/index.php?rest_route=%2Fwp%2Fv2%2Ftags&post=310878"}],"curies":[{"name":"wp","href":"https:\/\/api.w.org\/{rel}","templated":true}]}}