{"id":310883,"date":"2024-11-01T16:35:17","date_gmt":"2024-11-01T13:35:17","guid":{"rendered":"https:\/\/sana.sy\/tr\/?p=310883"},"modified":"2024-11-02T16:17:17","modified_gmt":"2024-11-02T13:17:17","slug":"itfaiye-ve-sivil-savunma-ekipleri-ordu-helikopterleriyle-desteklenen-lazkiye-kirsalindaki-cok-sayida-yangini-kontrol-altina-almak-icin-calismalarini-surduruyor","status":"publish","type":"post","link":"https:\/\/archive.sana.sy\/tr\/?p=310883","title":{"rendered":"\u0130tfaiye Ve Sivil Savunma Ekipleri, Ordu Helikopterleriyle \u0130\u015fbirli\u011fi \u0130\u00e7inde Lazkiye K\u0131rsal\u0131ndaki \u00c7ok Say\u0131da Yang\u0131n\u0131 Kontrol Alt\u0131na Almak \u0130\u00e7in \u00c7al\u0131\u015fmalar\u0131n\u0131 S\u00fcrd\u00fcr\u00fcyor"},"content":{"rendered":"<p style=\"text-align: justify;\"><strong>LAZK\u0130YE (SANA) &#8211;<\/strong> \u0130tfaiye ve sivil savunma ekipleri, Suriye Arap Ordusu&#8217;nun adamlar\u0131 ve \u00e7e\u015fitli valiliklerden gelen destek ekipleriyle i\u015fbirli\u011fi yaparak, valilik k\u0131rsal\u0131nda 3 ana b\u00f6lgede \u00e7\u0131kan \u00e7ok say\u0131da yang\u0131n\u0131 kontrol alt\u0131na almak i\u00e7in yo\u011fun \u00e7abalar\u0131n\u0131 s\u00fcrd\u00fcr\u00fcyor.<\/p>\n<figure id=\"attachment_310886\" aria-describedby=\"caption-attachment-310886\" style=\"width: 300px\" class=\"wp-caption alignright\"><img loading=\"lazy\" decoding=\"async\" class=\"size-full wp-image-310886\" src=\"http:\/\/sana.sy\/tr\/wp-content\/uploads\/2024\/11\/IMG_20241101_125152-copy-300x203-1.jpg\" alt=\"\" width=\"300\" height=\"203\" srcset=\"https:\/\/archive.sana.sy\/tr\/wp-content\/uploads\/2024\/11\/IMG_20241101_125152-copy-300x203-1.jpg 300w, https:\/\/archive.sana.sy\/tr\/wp-content\/uploads\/2024\/11\/IMG_20241101_125152-copy-300x203-1-110x75.jpg 110w\" sizes=\"auto, (max-width: 300px) 100vw, 300px\" \/><figcaption id=\"caption-attachment-310886\" class=\"wp-caption-text\">dav<\/figcaption><\/figure>\n<p style=\"text-align: justify;\">Lazkiye tar\u0131m m\u00fcd\u00fcr\u00fc Bessam Duba, SANA muhabirine yapt\u0131\u011f\u0131 a\u00e7\u0131klamada \u015funlar\u0131 s\u00f6yledi: \u2018\u2019Lazkiye Valili\u011fi&#8217;ndeki itfaiye personeli, di\u011fer valiliklerden ekiplerin de deste\u011fiyle Badrosiyah b\u00f6lgesinde d\u00fcn \u00e7\u0131kan yang\u0131nda kalan noktalar\u0131 so\u011futmak ve s\u00f6nd\u00fcrmek i\u00e7in \u00e7al\u0131\u015f\u0131yor.\u2019\u2019<\/p>\n<p style=\"text-align: justify;\">Duba ayr\u0131ca, ekiplerin ayr\u0131ca valilik k\u0131rsal\u0131n\u0131n \u00e7e\u015fitli b\u00f6lgelerinde bug\u00fcn \u00e7\u0131kan \u00e7ok say\u0131da yang\u0131n\u0131 s\u00f6nd\u00fcrmek i\u00e7in halkla i\u015f birli\u011fi i\u00e7inde ve Suriye Arap Ordusu helikopterlerinin deste\u011fiyle \u00e7al\u0131\u015ft\u0131\u011f\u0131n\u0131 belirtirken, b\u00f6lgede aktif r\u00fczgar h\u0131zlar\u0131n\u0131n g\u00f6r\u00fcld\u00fc\u011f\u00fcn\u00fc, itfaiye ekiplerinin Al-Areen Da\u011f\u0131&#8217;ndan ve Kardaha k\u0131rsal\u0131ndaki Marj Ma&#8217;irban k\u00f6y\u00fcnden yay\u0131lan yang\u0131n\u0131 kontrol alt\u0131na almak i\u00e7in yo\u011fun \u00e7aba g\u00f6sterdi\u011fini kaydetti.<\/p>\n<p style=\"text-align: justify;\">Kendi y\u00f6n\u00fcnden Safarkiya Belediye Meclis Ba\u015fkan\u0131 Ammar Salman SANA muhabirine yapt\u0131\u011f\u0131 a\u00e7\u0131klamada, belediyeye ba\u011fl\u0131 El-Bitar k\u00f6y\u00fcnde \u00e7\u0131kan yang\u0131n\u0131n halk\u0131n evlerine d\u00f6nmesiyle s\u00f6nd\u00fcr\u00fcld\u00fc\u011f\u00fcn\u00fc duyurdu.<\/p>\n<p style=\"text-align: justify;\">Lazkiye Sa\u011fl\u0131k M\u00fcd\u00fcr\u00fc ise El Bitar k\u00f6y\u00fc arazilerinde \u00e7\u0131kan yang\u0131n\u0131 s\u00f6nd\u00fcrmeye y\u00f6nelik operasyon s\u0131ras\u0131nda bilinmeyen bir cismin patlamas\u0131 sonucu bir vatanda\u015f\u0131n hayat\u0131n\u0131 kaybetti\u011fini, 7 ki\u015finin de yaraland\u0131\u011f\u0131n\u0131 belirtti.<\/p>\n<p style=\"text-align: center;\"><strong><a href=\"https:\/\/t.me\/SuriyeArapHaberAjansI\">Telegram Kanal\u0131m\u0131z\u00a0<\/a>||<a href=\"https:\/\/twitter.com\/arap_ajans\">X Platformumuz\u00a0<\/a>||<a href=\"https:\/\/www.facebook.com\/SANAHaberAjansi\/\">Facebook Sayfam\u0131z<\/a><\/strong><\/p>\n<div id='gallery-1' class='gallery galleryid-310883 gallery-columns-3 gallery-size-thumbnail'><figure class='gallery-item'>\n\t\t\t<div class='gallery-icon portrait'>\n\t\t\t\t<a href='https:\/\/archive.sana.sy\/tr\/?attachment_id=310891'><img loading=\"lazy\" decoding=\"async\" width=\"150\" height=\"150\" src=\"https:\/\/archive.sana.sy\/tr\/wp-content\/uploads\/2024\/11\/3-1-150x150.jpg\" class=\"attachment-thumbnail size-thumbnail\" alt=\"\" \/><\/a>\n\t\t\t<\/div><\/figure><figure class='gallery-item'>\n\t\t\t<div class='gallery-icon portrait'>\n\t\t\t\t<a href='https:\/\/archive.sana.sy\/tr\/?attachment_id=310892'><img loading=\"lazy\" decoding=\"async\" width=\"150\" height=\"150\" src=\"https:\/\/archive.sana.sy\/tr\/wp-content\/uploads\/2024\/11\/1-1-150x150.jpg\" class=\"attachment-thumbnail size-thumbnail\" alt=\"\" \/><\/a>\n\t\t\t<\/div><\/figure><figure class='gallery-item'>\n\t\t\t<div class='gallery-icon portrait'>\n\t\t\t\t<a href='https:\/\/archive.sana.sy\/tr\/?attachment_id=310893'><img loading=\"lazy\" decoding=\"async\" width=\"150\" height=\"150\" src=\"https:\/\/archive.sana.sy\/tr\/wp-content\/uploads\/2024\/11\/2-1-150x150.jpg\" class=\"attachment-thumbnail size-thumbnail\" alt=\"\" \/><\/a>\n\t\t\t<\/div><\/figure>\n\t\t<\/div>\n\n","protected":false},"excerpt":{"rendered":"<p>LAZK\u0130YE (SANA) &#8211; \u0130tfaiye ve sivil savunma ekipleri, Suriye Arap Ordusu&#8217;nun adamlar\u0131 ve \u00e7e\u015fitli valiliklerden gelen destek ekipleriyle i\u015fbirli\u011fi yaparak, valilik k\u0131rsal\u0131nda 3 ana b\u00f6lgede \u00e7\u0131kan \u00e7ok say\u0131da yang\u0131n\u0131 kontrol alt\u0131na almak i\u00e7in yo\u011fun \u00e7abalar\u0131n\u0131 s\u00fcrd\u00fcr\u00fcyor. Lazkiye tar\u0131m m\u00fcd\u00fcr\u00fc Bessam Duba, SANA muhabirine yapt\u0131\u011f\u0131 a\u00e7\u0131klamada \u015funlar\u0131 s\u00f6yledi: \u2018\u2019Lazkiye Valili\u011fi&#8217;ndeki itfaiye personeli, di\u011fer valiliklerden ekiplerin de &hellip;<\/p>\n","protected":false},"author":41,"featured_media":310884,"comment_status":"closed","ping_status":"closed","sticky":false,"template":"","format":"standard","meta":{"footnotes":""},"categories":[458,589,459,17988],"tags":[42802,42803,24911],"class_list":["post-310883","post","type-post","status-publish","format-standard","has-post-thumbnail","","category-dunya1","category-haber-seridi","category-haberler-arap-uluslararasi-politika","category-son-haberler","tag-itfaiye-ve-sivil-savunma-ekipleri","tag-ordu-helikopterleriyle-desteklenen-lazkiye-kirsalindaki-cok-sayida-yangini-kontrol-altina-almak-icin-calismalarini-surduruyor","tag-suriyede-son-gelismeler"],"_links":{"self":[{"href":"https:\/\/archive.sana.sy\/tr\/index.php?rest_route=\/wp\/v2\/posts\/310883","targetHints":{"allow":["GET"]}}],"collection":[{"href":"https:\/\/archive.sana.sy\/tr\/index.php?rest_route=\/wp\/v2\/posts"}],"about":[{"href":"https:\/\/archive.sana.sy\/tr\/index.php?rest_route=\/wp\/v2\/types\/post"}],"author":[{"embeddable":true,"href":"https:\/\/archive.sana.sy\/tr\/index.php?rest_route=\/wp\/v2\/users\/41"}],"replies":[{"embeddable":true,"href":"https:\/\/archive.sana.sy\/tr\/index.php?rest_route=%2Fwp%2Fv2%2Fcomments&post=310883"}],"version-history":[{"count":5,"href":"https:\/\/archive.sana.sy\/tr\/index.php?rest_route=\/wp\/v2\/posts\/310883\/revisions"}],"predecessor-version":[{"id":310905,"href":"https:\/\/archive.sana.sy\/tr\/index.php?rest_route=\/wp\/v2\/posts\/310883\/revisions\/310905"}],"wp:featuredmedia":[{"embeddable":true,"href":"https:\/\/archive.sana.sy\/tr\/index.php?rest_route=\/wp\/v2\/media\/310884"}],"wp:attachment":[{"href":"https:\/\/archive.sana.sy\/tr\/index.php?rest_route=%2Fwp%2Fv2%2Fmedia&parent=310883"}],"wp:term":[{"taxonomy":"category","embeddable":true,"href":"https:\/\/archive.sana.sy\/tr\/index.php?rest_route=%2Fwp%2Fv2%2Fcategories&post=310883"},{"taxonomy":"post_tag","embeddable":true,"href":"https:\/\/archive.sana.sy\/tr\/index.php?rest_route=%2Fwp%2Fv2%2Ftags&post=310883"}],"curies":[{"name":"wp","href":"https:\/\/api.w.org\/{rel}","templated":true}]}}