{"id":310899,"date":"2024-11-01T18:16:25","date_gmt":"2024-11-01T15:16:25","guid":{"rendered":"https:\/\/sana.sy\/tr\/?p=310899"},"modified":"2024-11-01T18:19:57","modified_gmt":"2024-11-01T15:19:57","slug":"lubnanin-isgal-edilen-filistinin-kuzeyindeki-bircok-yerlesim-birimini-hedef-alan-direnisi-sonucu-9-yerlesimci-yaralandi","status":"publish","type":"post","link":"https:\/\/archive.sana.sy\/tr\/?p=310899","title":{"rendered":"L\u00fcbnan Direni\u015finin \u0130\u015fgal Edilen Filistin&#8217;in Kuzeyindeki Bir\u00e7ok Yerle\u015fim Birimini Hedef Almas\u0131 Sonucu 9 Yerle\u015fimci Yaraland\u0131"},"content":{"rendered":"<p style=\"text-align: justify;\"><strong>\u0130\u015eGAL ED\u0130LEN KUD\u00dcS (SANA) &#8211;<\/strong>\u00a0 \u0130srail d\u00fc\u015fman medyas\u0131, L\u00fcbnan direni\u015finin i\u015fgal edilen Filistin&#8217;in kuzeyindeki bir\u00e7ok yerle\u015fime att\u0131\u011f\u0131 roketler sonucu 9 yerle\u015fimcinin yaraland\u0131\u011f\u0131n\u0131 duyurdu.<\/p>\n<p style=\"text-align: justify;\">Buna kar\u015f\u0131l\u0131k L\u00fcbnan direni\u015fi de \u00e7e\u015fitli a\u00e7\u0131klamalarda \u015funlar\u0131 s\u00f6yledi: &#8220;Gazze \u015eeridi&#8217;ndeki kararl\u0131 Filistin halk\u0131m\u0131za ve onlar\u0131n cesur ve onurlu direni\u015fine destek olarak ve \u00a0L\u00fcbnan&#8217;\u0131 ve halk\u0131n\u0131 savunmak i\u00e7in bug\u00fcn direni\u015f sava\u015f\u00e7\u0131lar\u0131 Karmiel, Ma\u2019alot, Tarshiha ve Kiryat Shmona yerle\u015fimlerini f\u00fcze rampalar\u0131yla bombalad\u0131.\u201d<\/p>\n<p style=\"text-align: justify;\">Direni\u015f ayr\u0131ca b\u00fcy\u00fck bir f\u00fcze salvosuyla Hiyam kasabas\u0131n\u0131n g\u00fcneyindeki El Maslah mahallesinde toplanan d\u00fc\u015fman g\u00fc\u00e7lerini hedef ald\u0131.<\/p>\n<p style=\"text-align: center;\"><strong><a href=\"https:\/\/t.me\/SuriyeArapHaberAjansI\">Telegram Kanal\u0131m\u0131z\u00a0<\/a>||<a href=\"https:\/\/twitter.com\/arap_ajans\">X Platformumuz\u00a0<\/a>||<a href=\"https:\/\/www.facebook.com\/SANAHaberAjansi\/\">Facebook Sayfam\u0131z<\/a><\/strong><\/p>\n","protected":false},"excerpt":{"rendered":"<p>\u0130\u015eGAL ED\u0130LEN KUD\u00dcS (SANA) &#8211;\u00a0 \u0130srail d\u00fc\u015fman medyas\u0131, L\u00fcbnan direni\u015finin i\u015fgal edilen Filistin&#8217;in kuzeyindeki bir\u00e7ok yerle\u015fime att\u0131\u011f\u0131 roketler sonucu 9 yerle\u015fimcinin yaraland\u0131\u011f\u0131n\u0131 duyurdu. Buna kar\u015f\u0131l\u0131k L\u00fcbnan direni\u015fi de \u00e7e\u015fitli a\u00e7\u0131klamalarda \u015funlar\u0131 s\u00f6yledi: &#8220;Gazze \u015eeridi&#8217;ndeki kararl\u0131 Filistin halk\u0131m\u0131za ve onlar\u0131n cesur ve onurlu direni\u015fine destek olarak ve \u00a0L\u00fcbnan&#8217;\u0131 ve halk\u0131n\u0131 savunmak i\u00e7in bug\u00fcn direni\u015f sava\u015f\u00e7\u0131lar\u0131 Karmiel, &hellip;<\/p>\n","protected":false},"author":41,"featured_media":310900,"comment_status":"closed","ping_status":"closed","sticky":false,"template":"","format":"standard","meta":{"footnotes":""},"categories":[458,589,459,17988],"tags":[42805],"class_list":["post-310899","post","type-post","status-publish","format-standard","has-post-thumbnail","","category-dunya1","category-haber-seridi","category-haberler-arap-uluslararasi-politika","category-son-haberler","tag-lubnanin-isgal-edilen-filistinin-kuzeyindeki-bircok-yerlesim-birimini-hedef-alan-direnisi-sonucu-9-yerlesimci-yaralandi"],"_links":{"self":[{"href":"https:\/\/archive.sana.sy\/tr\/index.php?rest_route=\/wp\/v2\/posts\/310899","targetHints":{"allow":["GET"]}}],"collection":[{"href":"https:\/\/archive.sana.sy\/tr\/index.php?rest_route=\/wp\/v2\/posts"}],"about":[{"href":"https:\/\/archive.sana.sy\/tr\/index.php?rest_route=\/wp\/v2\/types\/post"}],"author":[{"embeddable":true,"href":"https:\/\/archive.sana.sy\/tr\/index.php?rest_route=\/wp\/v2\/users\/41"}],"replies":[{"embeddable":true,"href":"https:\/\/archive.sana.sy\/tr\/index.php?rest_route=%2Fwp%2Fv2%2Fcomments&post=310899"}],"version-history":[{"count":4,"href":"https:\/\/archive.sana.sy\/tr\/index.php?rest_route=\/wp\/v2\/posts\/310899\/revisions"}],"predecessor-version":[{"id":310904,"href":"https:\/\/archive.sana.sy\/tr\/index.php?rest_route=\/wp\/v2\/posts\/310899\/revisions\/310904"}],"wp:featuredmedia":[{"embeddable":true,"href":"https:\/\/archive.sana.sy\/tr\/index.php?rest_route=\/wp\/v2\/media\/310900"}],"wp:attachment":[{"href":"https:\/\/archive.sana.sy\/tr\/index.php?rest_route=%2Fwp%2Fv2%2Fmedia&parent=310899"}],"wp:term":[{"taxonomy":"category","embeddable":true,"href":"https:\/\/archive.sana.sy\/tr\/index.php?rest_route=%2Fwp%2Fv2%2Fcategories&post=310899"},{"taxonomy":"post_tag","embeddable":true,"href":"https:\/\/archive.sana.sy\/tr\/index.php?rest_route=%2Fwp%2Fv2%2Ftags&post=310899"}],"curies":[{"name":"wp","href":"https:\/\/api.w.org\/{rel}","templated":true}]}}