{"id":310907,"date":"2024-11-01T23:00:46","date_gmt":"2024-11-01T20:00:46","guid":{"rendered":"https:\/\/sana.sy\/tr\/?p=310907"},"modified":"2024-11-02T10:35:56","modified_gmt":"2024-11-02T07:35:56","slug":"isgalin-gazze-seridindeki-yeni-katliamlarinda-84-sehit-185ten-fazla-yarali","status":"publish","type":"post","link":"https:\/\/archive.sana.sy\/tr\/?p=310907","title":{"rendered":"\u0130\u015fgalin Gazze \u015eeridi&#8217;ndeki Yeni Katliamlar\u0131nda 84 \u015eehit, 185&#8217;ten Fazla Yaral\u0131"},"content":{"rendered":"<p style=\"text-align: justify;\"><strong>\u0130\u015eGAL ED\u0130LEN KUD\u00dcS (SANA) &#8211;<\/strong> \u0130\u015fgalci israil son 24 saat i\u00e7inde Gazze \u015eeridi&#8217;nde 84 \u015fehit \u00a0d\u00fc\u015fmesine ve 185&#8217;ten fazla ki\u015fi yaralanmas\u0131na yol a\u00e7t\u0131\u011f\u0131\u00a0 8 yeni katliam ger\u00e7ekle\u015ftirdi.<\/p>\n<p style=\"text-align: justify;\">Filistin medyas\u0131, &#8221;\u0130\u015fgal u\u00e7aklar\u0131, Gazze \u015eeridi&#8217;nin merkezindeki Nuseyrat kamp\u0131n\u0131n kuzeyinde ve kuzeyindeki Cebeliye el Balad&#8217;da yerinden edilmi\u015f ki\u015filerin ya\u015fad\u0131\u011f\u0131 iki okulu bombalad\u0131. Gazze \u015fehrinin Beyt Lahia ve El \u015eucaiye \u00a0mahalleleri ile Refah&#8217;\u0131n kuzeyindeki Hirbit El Adas b\u00f6lgesindeki evler da bombaland\u0131.Olay, 50&#8217;si \u00e7ocuk olmak \u00fczere 84 \u015fehit ve 186 yaral\u0131n\u0131n yan\u0131 s\u0131ra onlarca kay\u0131p ve yaral\u0131yla sonu\u00e7land\u0131&#8221; dedi.<\/p>\n<p style=\"text-align: justify;\">Kendi y\u00f6n\u00fcnden Gazze Medya Ofisi yapt\u0131\u011f\u0131 a\u00e7\u0131klamada, &#8220;Bu katliamlar\u0131 ve soyk\u0131r\u0131m\u0131 ger\u00e7ekle\u015ftiren, sivilleri, \u00e7ocuklar\u0131 ve kad\u0131nlar\u0131 kasten hedef alani\u015fgalci\u00a0 \u0130srail&#8217;i k\u0131n\u0131yor ve t\u00fcm d\u00fcnya \u00fclkelerini k\u0131namaya \u00e7a\u011f\u0131r\u0131yoruz.&#8221;dedi<\/p>\n<p style=\"text-align: justify;\">Ofis ayr\u0131ca, Gazze \u015eeridi&#8217;nde sivillere y\u00f6nelik etnik temizlik sava\u015f\u0131n\u0131n devam etmesinden \u0130srail i\u015fgalini, Amerikan y\u00f6netimini, \u0130ngiltere, Almanya, Fransa ve soyk\u0131r\u0131ma kat\u0131lan \u00fclkeleri tamamen sorumlu tutarak, uluslararas\u0131 topluma, soyk\u0131r\u0131m su\u00e7unu ve etkilenen b\u00f6lgedeki savunmas\u0131z sivillere y\u00f6nelik etnik temizlik sava\u015f\u0131n\u0131 durdurmak i\u00e7in i\u015fgale her t\u00fcrl\u00fc yoldan bask\u0131 yapmas\u0131 \u00e7a\u011fr\u0131s\u0131nda bulundu.<\/p>\n<p style=\"text-align: justify;\">Buna kar\u015f\u0131l\u0131k Filistin Halk Kurtulu\u015f Cephesi \u201cGenel Komutanl\u0131\u011f\u0131\u201d yapt\u0131\u011f\u0131 a\u00e7\u0131klamada \u015funlar\u0131 s\u00f6yledi: &#8220;Siyonist d\u00fc\u015fman\u0131n cani Nazi zihniyetini ifade eden bu katliamlar kar\u015f\u0131s\u0131nda, insan haklar\u0131 alan\u0131nda \u00e7al\u0131\u015fan uluslararas\u0131 kurumlar\u0131 i\u015fgalciyi cayd\u0131racak acil ve ivedi \u00f6nlemler almaya \u00e7a\u011f\u0131r\u0131yoruz.&#8221;<\/p>\n<p style=\"text-align: center;\"><strong><a href=\"https:\/\/t.me\/SuriyeArapHaberAjansI\">Telegram Kanal\u0131m\u0131z\u00a0<\/a>||<a href=\"https:\/\/twitter.com\/arap_ajans\">X Platformumuz\u00a0<\/a>||<a href=\"https:\/\/www.facebook.com\/SANAHaberAjansi\/\">Facebook Sayfam\u0131z<\/a><\/strong><\/p>\n","protected":false},"excerpt":{"rendered":"<p>\u0130\u015eGAL ED\u0130LEN KUD\u00dcS (SANA) &#8211; \u0130\u015fgalci israil son 24 saat i\u00e7inde Gazze \u015eeridi&#8217;nde 84 \u015fehit \u00a0d\u00fc\u015fmesine ve 185&#8217;ten fazla ki\u015fi yaralanmas\u0131na yol a\u00e7t\u0131\u011f\u0131\u00a0 8 yeni katliam ger\u00e7ekle\u015ftirdi. Filistin medyas\u0131, &#8221;\u0130\u015fgal u\u00e7aklar\u0131, Gazze \u015eeridi&#8217;nin merkezindeki Nuseyrat kamp\u0131n\u0131n kuzeyinde ve kuzeyindeki Cebeliye el Balad&#8217;da yerinden edilmi\u015f ki\u015filerin ya\u015fad\u0131\u011f\u0131 iki okulu bombalad\u0131. Gazze \u015fehrinin Beyt Lahia ve El &hellip;<\/p>\n","protected":false},"author":41,"featured_media":310908,"comment_status":"closed","ping_status":"closed","sticky":false,"template":"","format":"standard","meta":{"footnotes":""},"categories":[458,589,459,17988],"tags":[42807,42806],"class_list":["post-310907","post","type-post","status-publish","format-standard","has-post-thumbnail","","category-dunya1","category-haber-seridi","category-haberler-arap-uluslararasi-politika","category-son-haberler","tag-185ten-fazla-yarali","tag-isgalin-gazze-seridindeki-yeni-katliamlarinda-84-sehit"],"_links":{"self":[{"href":"https:\/\/archive.sana.sy\/tr\/index.php?rest_route=\/wp\/v2\/posts\/310907","targetHints":{"allow":["GET"]}}],"collection":[{"href":"https:\/\/archive.sana.sy\/tr\/index.php?rest_route=\/wp\/v2\/posts"}],"about":[{"href":"https:\/\/archive.sana.sy\/tr\/index.php?rest_route=\/wp\/v2\/types\/post"}],"author":[{"embeddable":true,"href":"https:\/\/archive.sana.sy\/tr\/index.php?rest_route=\/wp\/v2\/users\/41"}],"replies":[{"embeddable":true,"href":"https:\/\/archive.sana.sy\/tr\/index.php?rest_route=%2Fwp%2Fv2%2Fcomments&post=310907"}],"version-history":[{"count":1,"href":"https:\/\/archive.sana.sy\/tr\/index.php?rest_route=\/wp\/v2\/posts\/310907\/revisions"}],"predecessor-version":[{"id":310909,"href":"https:\/\/archive.sana.sy\/tr\/index.php?rest_route=\/wp\/v2\/posts\/310907\/revisions\/310909"}],"wp:featuredmedia":[{"embeddable":true,"href":"https:\/\/archive.sana.sy\/tr\/index.php?rest_route=\/wp\/v2\/media\/310908"}],"wp:attachment":[{"href":"https:\/\/archive.sana.sy\/tr\/index.php?rest_route=%2Fwp%2Fv2%2Fmedia&parent=310907"}],"wp:term":[{"taxonomy":"category","embeddable":true,"href":"https:\/\/archive.sana.sy\/tr\/index.php?rest_route=%2Fwp%2Fv2%2Fcategories&post=310907"},{"taxonomy":"post_tag","embeddable":true,"href":"https:\/\/archive.sana.sy\/tr\/index.php?rest_route=%2Fwp%2Fv2%2Ftags&post=310907"}],"curies":[{"name":"wp","href":"https:\/\/api.w.org\/{rel}","templated":true}]}}