{"id":310912,"date":"2024-11-01T23:05:23","date_gmt":"2024-11-01T20:05:23","guid":{"rendered":"https:\/\/sana.sy\/tr\/?p=310912"},"modified":"2024-11-02T11:00:59","modified_gmt":"2024-11-02T08:00:59","slug":"mardini-rusya-ve-alecso-ile-egitim-alaninda-isbirligi-alanlarini-gorustu","status":"publish","type":"post","link":"https:\/\/archive.sana.sy\/tr\/?p=310912","title":{"rendered":"Mardini, Rusya Ve ALECSO \u0130le E\u011fitim Alan\u0131nda \u0130\u015fbirli\u011fi Alanlar\u0131n\u0131 G\u00f6r\u00fc\u015ft\u00fc"},"content":{"rendered":"<p><strong>BREZ\u0130LYA (SANA) &#8211; <\/strong>E\u011fitim Bakan\u0131 ve UNESCO Suriye Ulusal Komisyonu Ba\u015fkan\u0131 Muhammad Amir Mardini Brezilya&#8217;n\u0131n Fortaleza kentinde d\u00fczenlenen D\u00fcnya E\u011fitim Toplant\u0131s\u0131&#8217;na kat\u0131l\u0131m\u0131 s\u0131ras\u0131nda Arap E\u011fitim, K\u00fclt\u00fcr ve Bilim \u00d6rg\u00fct\u00fc (ALECSO) E\u011fitim Dairesi Ba\u015fkan\u0131 Rami \u0130skender\u00a0 ile Suriye ile Arap Birli\u011fi aras\u0131ndaki mevcut i\u015fbirli\u011fi alanlar\u0131n\u0131 g\u00f6r\u00fc\u015f\u00fcrken,\u00a0 Suriye ulusal deneyimlerini dahil etmenin ve \u00f6rg\u00fct\u00fcn stratejilerini olu\u015fturma alanlar\u0131nda onlardan yararlanman\u0131n \u00f6nemini ve Suriye&#8217;de e\u011fitim, k\u00fclt\u00fcr ve bilim alanlar\u0131nda programlanm\u0131\u015f faaliyetlerin uygulanmas\u0131n\u0131 h\u0131zland\u0131rman\u0131n gereklili\u011fini vurgulad\u0131.<\/p>\n<p>Bakan Mardini ayr\u0131ca konferansa kat\u0131lan Rus heyetinin ba\u015fkan\u0131 Anna Kuryanova ile Suriye-Rusya e\u011fitim ili\u015fkilerinin ger\u00e7ekli\u011fini ve bunlar\u0131 g\u00fc\u00e7lendirmenin ve geli\u015ftirmenin yollar\u0131n\u0131 da g\u00f6r\u00fc\u015ft\u00fc.<\/p>\n<p style=\"text-align: center;\"><strong><a href=\"https:\/\/t.me\/SuriyeArapHaberAjansI\">Telegram Kanal\u0131m\u0131z\u00a0<\/a>||<a href=\"https:\/\/twitter.com\/arap_ajans\">X Platformumuz\u00a0<\/a>||<a href=\"https:\/\/www.facebook.com\/SANAHaberAjansi\/\">Facebook Sayfam\u0131z<\/a><\/strong><\/p>\n","protected":false},"excerpt":{"rendered":"<p>BREZ\u0130LYA (SANA) &#8211; E\u011fitim Bakan\u0131 ve UNESCO Suriye Ulusal Komisyonu Ba\u015fkan\u0131 Muhammad Amir Mardini Brezilya&#8217;n\u0131n Fortaleza kentinde d\u00fczenlenen D\u00fcnya E\u011fitim Toplant\u0131s\u0131&#8217;na kat\u0131l\u0131m\u0131 s\u0131ras\u0131nda Arap E\u011fitim, K\u00fclt\u00fcr ve Bilim \u00d6rg\u00fct\u00fc (ALECSO) E\u011fitim Dairesi Ba\u015fkan\u0131 Rami \u0130skender\u00a0 ile Suriye ile Arap Birli\u011fi aras\u0131ndaki mevcut i\u015fbirli\u011fi alanlar\u0131n\u0131 g\u00f6r\u00fc\u015f\u00fcrken,\u00a0 Suriye ulusal deneyimlerini dahil etmenin ve \u00f6rg\u00fct\u00fcn stratejilerini olu\u015fturma alanlar\u0131nda &hellip;<\/p>\n","protected":false},"author":41,"featured_media":310913,"comment_status":"closed","ping_status":"closed","sticky":false,"template":"","format":"standard","meta":{"footnotes":""},"categories":[458,589,459,17988],"tags":[41446,42808],"class_list":["post-310912","post","type-post","status-publish","format-standard","has-post-thumbnail","","category-dunya1","category-haber-seridi","category-haberler-arap-uluslararasi-politika","category-son-haberler","tag-mardini","tag-rusya-ve-alecso-ile-egitim-alaninda-isbirligi-alanlarini-gorustu"],"_links":{"self":[{"href":"https:\/\/archive.sana.sy\/tr\/index.php?rest_route=\/wp\/v2\/posts\/310912","targetHints":{"allow":["GET"]}}],"collection":[{"href":"https:\/\/archive.sana.sy\/tr\/index.php?rest_route=\/wp\/v2\/posts"}],"about":[{"href":"https:\/\/archive.sana.sy\/tr\/index.php?rest_route=\/wp\/v2\/types\/post"}],"author":[{"embeddable":true,"href":"https:\/\/archive.sana.sy\/tr\/index.php?rest_route=\/wp\/v2\/users\/41"}],"replies":[{"embeddable":true,"href":"https:\/\/archive.sana.sy\/tr\/index.php?rest_route=%2Fwp%2Fv2%2Fcomments&post=310912"}],"version-history":[{"count":1,"href":"https:\/\/archive.sana.sy\/tr\/index.php?rest_route=\/wp\/v2\/posts\/310912\/revisions"}],"predecessor-version":[{"id":310914,"href":"https:\/\/archive.sana.sy\/tr\/index.php?rest_route=\/wp\/v2\/posts\/310912\/revisions\/310914"}],"wp:featuredmedia":[{"embeddable":true,"href":"https:\/\/archive.sana.sy\/tr\/index.php?rest_route=\/wp\/v2\/media\/310913"}],"wp:attachment":[{"href":"https:\/\/archive.sana.sy\/tr\/index.php?rest_route=%2Fwp%2Fv2%2Fmedia&parent=310912"}],"wp:term":[{"taxonomy":"category","embeddable":true,"href":"https:\/\/archive.sana.sy\/tr\/index.php?rest_route=%2Fwp%2Fv2%2Fcategories&post=310912"},{"taxonomy":"post_tag","embeddable":true,"href":"https:\/\/archive.sana.sy\/tr\/index.php?rest_route=%2Fwp%2Fv2%2Ftags&post=310912"}],"curies":[{"name":"wp","href":"https:\/\/api.w.org\/{rel}","templated":true}]}}