{"id":310933,"date":"2024-11-02T13:54:41","date_gmt":"2024-11-02T10:54:41","guid":{"rendered":"https:\/\/sana.sy\/tr\/?p=310933"},"modified":"2024-11-02T13:54:41","modified_gmt":"2024-11-02T10:54:41","slug":"gazze-seridinde-bircok-farkli-bolgeye-yonelik-isgal-bombardimaninda-sehit-ve-yaralilar","status":"publish","type":"post","link":"https:\/\/archive.sana.sy\/tr\/?p=310933","title":{"rendered":"Gazze \u015eeridi&#8217;nde Bir\u00e7ok Farkl\u0131 B\u00f6lgeye Y\u00f6nelik \u0130\u015fgal Bombard\u0131man\u0131nda \u015eehit Ve Yaral\u0131lar"},"content":{"rendered":"<p style=\"text-align: justify;\"><strong>\u0130\u015eGAL ED\u0130LEN KUD\u00dcS (SANA)<\/strong> \u2013 \u0130\u015fgalci\u00a0 israil\u2019in\u00a0 u\u00e7aklar\u0131n\u0131n Gazze \u015eehri ve orta kesimlerini bombalamas\u0131 sonucu bug\u00fcn \u015fafak vaktinden itibaren \u00e7ok say\u0131da Filistinli \u015fehit oldu ve yaraland\u0131.<\/p>\n<p style=\"text-align: justify;\">WAFA Ajans\u0131, t\u0131bbi kaynaklara dayand\u0131rarak, Gazze \u015fehrinin kuzeybat\u0131s\u0131ndaki El Saftavi mahallesine d\u00fczenlenen i\u015fgal sald\u0131rganl\u0131\u011f\u0131nda 3 Filistinlinin \u015fehit oldu\u011funu bildirdi.<\/p>\n<p style=\"text-align: justify;\">Bunun yaninda da, \u0130\u015fgal g\u00fc\u00e7lerinin Gazze \u015eeridi&#8217;nin merkezindeki Nuseyrat kamp\u0131ndaki bir evi bombalamas\u0131 sonucu be\u015f ki\u015fi \u015fehit d\u00fc\u015ft\u00fc, di\u011ferleri de yaraland\u0131.<\/p>\n<p style=\"text-align: center;\"><strong><a href=\"https:\/\/t.me\/SuriyeArapHaberAjansI\">Telegram Kanal\u0131m\u0131z\u00a0<\/a>||<a href=\"https:\/\/twitter.com\/arap_ajans\">X Platformumuz\u00a0<\/a>||<a href=\"https:\/\/www.facebook.com\/SANAHaberAjansi\/\">Facebook Sayfam\u0131z<\/a><\/strong><\/p>\n<p>&nbsp;<\/p>\n","protected":false},"excerpt":{"rendered":"<p>\u0130\u015eGAL ED\u0130LEN KUD\u00dcS (SANA) \u2013 \u0130\u015fgalci\u00a0 israil\u2019in\u00a0 u\u00e7aklar\u0131n\u0131n Gazze \u015eehri ve orta kesimlerini bombalamas\u0131 sonucu bug\u00fcn \u015fafak vaktinden itibaren \u00e7ok say\u0131da Filistinli \u015fehit oldu ve yaraland\u0131. WAFA Ajans\u0131, t\u0131bbi kaynaklara dayand\u0131rarak, Gazze \u015fehrinin kuzeybat\u0131s\u0131ndaki El Saftavi mahallesine d\u00fczenlenen i\u015fgal sald\u0131rganl\u0131\u011f\u0131nda 3 Filistinlinin \u015fehit oldu\u011funu bildirdi. Bunun yaninda da, \u0130\u015fgal g\u00fc\u00e7lerinin Gazze \u015eeridi&#8217;nin merkezindeki Nuseyrat kamp\u0131ndaki &hellip;<\/p>\n","protected":false},"author":41,"featured_media":310934,"comment_status":"closed","ping_status":"closed","sticky":false,"template":"","format":"standard","meta":{"footnotes":""},"categories":[458,589,459,17988],"tags":[42812],"class_list":["post-310933","post","type-post","status-publish","format-standard","has-post-thumbnail","","category-dunya1","category-haber-seridi","category-haberler-arap-uluslararasi-politika","category-son-haberler","tag-gazze-seridinde-bircok-farkli-bolgeye-yonelik-isgal-bombardimaninda-sehit-ve-yaralilar"],"_links":{"self":[{"href":"https:\/\/archive.sana.sy\/tr\/index.php?rest_route=\/wp\/v2\/posts\/310933","targetHints":{"allow":["GET"]}}],"collection":[{"href":"https:\/\/archive.sana.sy\/tr\/index.php?rest_route=\/wp\/v2\/posts"}],"about":[{"href":"https:\/\/archive.sana.sy\/tr\/index.php?rest_route=\/wp\/v2\/types\/post"}],"author":[{"embeddable":true,"href":"https:\/\/archive.sana.sy\/tr\/index.php?rest_route=\/wp\/v2\/users\/41"}],"replies":[{"embeddable":true,"href":"https:\/\/archive.sana.sy\/tr\/index.php?rest_route=%2Fwp%2Fv2%2Fcomments&post=310933"}],"version-history":[{"count":1,"href":"https:\/\/archive.sana.sy\/tr\/index.php?rest_route=\/wp\/v2\/posts\/310933\/revisions"}],"predecessor-version":[{"id":310936,"href":"https:\/\/archive.sana.sy\/tr\/index.php?rest_route=\/wp\/v2\/posts\/310933\/revisions\/310936"}],"wp:featuredmedia":[{"embeddable":true,"href":"https:\/\/archive.sana.sy\/tr\/index.php?rest_route=\/wp\/v2\/media\/310934"}],"wp:attachment":[{"href":"https:\/\/archive.sana.sy\/tr\/index.php?rest_route=%2Fwp%2Fv2%2Fmedia&parent=310933"}],"wp:term":[{"taxonomy":"category","embeddable":true,"href":"https:\/\/archive.sana.sy\/tr\/index.php?rest_route=%2Fwp%2Fv2%2Fcategories&post=310933"},{"taxonomy":"post_tag","embeddable":true,"href":"https:\/\/archive.sana.sy\/tr\/index.php?rest_route=%2Fwp%2Fv2%2Ftags&post=310933"}],"curies":[{"name":"wp","href":"https:\/\/api.w.org\/{rel}","templated":true}]}}