{"id":310938,"date":"2024-11-02T16:25:27","date_gmt":"2024-11-02T13:25:27","guid":{"rendered":"https:\/\/sana.sy\/tr\/?p=310938"},"modified":"2024-11-02T16:25:27","modified_gmt":"2024-11-02T13:25:27","slug":"dunya-egitim-toplantisi-2024-suriyenin-katilimiyla-brezilyadaki-calismalarini-tamamladi","status":"publish","type":"post","link":"https:\/\/archive.sana.sy\/tr\/?p=310938","title":{"rendered":"D\u00fcnya E\u011fitim Toplant\u0131s\u0131 2024, Suriye\u2019nin Kat\u0131l\u0131m\u0131yla Brezilya&#8217;daki \u00c7al\u0131\u015fmalar\u0131n\u0131 Tamamlad\u0131"},"content":{"rendered":"<p style=\"text-align: justify;\"><strong>BREZ\u0130YLA\u00a0 (SANA) &#8211;<\/strong> Suriye&#8217;nin kat\u0131l\u0131m\u0131yla Brezilya&#8217;n\u0131n Fortaleza \u015fehrinde d\u00fczenlenen D\u00fcnya E\u011fitim Toplant\u0131s\u0131 2024 \u00e7al\u0131\u015fmalar\u0131 bug\u00fcn, e\u011fitime yat\u0131r\u0131m yap\u0131lmas\u0131 ve kalitesinin art\u0131r\u0131lmas\u0131n\u0131n \u00f6nemine ili\u015fkin tavsiyelerin a\u00e7\u0131klanmas\u0131yla sonu\u00e7land\u0131.<\/p>\n<p style=\"text-align: justify;\">Tavsiyelerde, e\u011fitimin temel bir insan hakk\u0131 ve kamu yarar\u0131 oldu\u011fu ve t\u00fcm s\u00fcrd\u00fcr\u00fclebilir kalk\u0131nma hedeflerine ula\u015fma yolunda ilerlemeyi sa\u011flayan g\u00fc\u00e7l\u00fc bir fakt\u00f6r ve itici g\u00fc\u00e7 oldu\u011fu vurguland\u0131.<\/p>\n<p style=\"text-align: justify;\">Tavsiyeler ayr\u0131ca, e\u011fitimin iklim, \u00e7evre, bar\u0131\u015f, insan haklar\u0131 ve e\u015fitlik alanlar\u0131nda arzu edilen d\u00f6n\u00fc\u015f\u00fcm\u00fc sa\u011flama yetene\u011fini ortaya \u00e7\u0131karmak i\u00e7in \u00e7ok sekt\u00f6rl\u00fc \u00f6nlemlerin al\u0131nmas\u0131 gerekti\u011fine i\u015faret etti.<\/p>\n<p style=\"text-align: justify;\">Tavziyelerde de, S\u00fcrd\u00fcr\u00fclebilir Kalk\u0131nma Hedeflerinin d\u00f6rd\u00fcnc\u00fc hedefine ula\u015fmak i\u00e7in ilerleme h\u0131z\u0131n\u0131 h\u0131zland\u0131racak kritik ara\u00e7lar\u0131n sa\u011flanmas\u0131n\u0131n gereklili\u011fi kaydedilirken, \u201ce\u015fitlik ve kapsay\u0131c\u0131l\u0131k ile erken \u00e7ocukluk ve temel e\u011fitim a\u015famalar\u0131nda e\u011fitimin kalitesinin art\u0131r\u0131lmas\u0131\u201d vurguland\u0131.<\/p>\n<p style=\"text-align: center;\"><strong><a href=\"https:\/\/t.me\/SuriyeArapHaberAjansI\">Telegram Kanal\u0131m\u0131z\u00a0<\/a>||<a href=\"https:\/\/twitter.com\/arap_ajans\">X Platformumuz\u00a0<\/a>||<a href=\"https:\/\/www.facebook.com\/SANAHaberAjansi\/\">Facebook Sayfam\u0131z<\/a><\/strong><\/p>\n<p style=\"text-align: justify;\">\n<p style=\"text-align: justify;\">\n","protected":false},"excerpt":{"rendered":"<p>BREZ\u0130YLA\u00a0 (SANA) &#8211; Suriye&#8217;nin kat\u0131l\u0131m\u0131yla Brezilya&#8217;n\u0131n Fortaleza \u015fehrinde d\u00fczenlenen D\u00fcnya E\u011fitim Toplant\u0131s\u0131 2024 \u00e7al\u0131\u015fmalar\u0131 bug\u00fcn, e\u011fitime yat\u0131r\u0131m yap\u0131lmas\u0131 ve kalitesinin art\u0131r\u0131lmas\u0131n\u0131n \u00f6nemine ili\u015fkin tavsiyelerin a\u00e7\u0131klanmas\u0131yla sonu\u00e7land\u0131. Tavsiyelerde, e\u011fitimin temel bir insan hakk\u0131 ve kamu yarar\u0131 oldu\u011fu ve t\u00fcm s\u00fcrd\u00fcr\u00fclebilir kalk\u0131nma hedeflerine ula\u015fma yolunda ilerlemeyi sa\u011flayan g\u00fc\u00e7l\u00fc bir fakt\u00f6r ve itici g\u00fc\u00e7 oldu\u011fu vurguland\u0131. Tavsiyeler ayr\u0131ca, &hellip;<\/p>\n","protected":false},"author":41,"featured_media":310939,"comment_status":"closed","ping_status":"closed","sticky":false,"template":"","format":"standard","meta":{"footnotes":""},"categories":[458,589,459,17988],"tags":[],"class_list":["post-310938","post","type-post","status-publish","format-standard","has-post-thumbnail","","category-dunya1","category-haber-seridi","category-haberler-arap-uluslararasi-politika","category-son-haberler"],"_links":{"self":[{"href":"https:\/\/archive.sana.sy\/tr\/index.php?rest_route=\/wp\/v2\/posts\/310938","targetHints":{"allow":["GET"]}}],"collection":[{"href":"https:\/\/archive.sana.sy\/tr\/index.php?rest_route=\/wp\/v2\/posts"}],"about":[{"href":"https:\/\/archive.sana.sy\/tr\/index.php?rest_route=\/wp\/v2\/types\/post"}],"author":[{"embeddable":true,"href":"https:\/\/archive.sana.sy\/tr\/index.php?rest_route=\/wp\/v2\/users\/41"}],"replies":[{"embeddable":true,"href":"https:\/\/archive.sana.sy\/tr\/index.php?rest_route=%2Fwp%2Fv2%2Fcomments&post=310938"}],"version-history":[{"count":1,"href":"https:\/\/archive.sana.sy\/tr\/index.php?rest_route=\/wp\/v2\/posts\/310938\/revisions"}],"predecessor-version":[{"id":310940,"href":"https:\/\/archive.sana.sy\/tr\/index.php?rest_route=\/wp\/v2\/posts\/310938\/revisions\/310940"}],"wp:featuredmedia":[{"embeddable":true,"href":"https:\/\/archive.sana.sy\/tr\/index.php?rest_route=\/wp\/v2\/media\/310939"}],"wp:attachment":[{"href":"https:\/\/archive.sana.sy\/tr\/index.php?rest_route=%2Fwp%2Fv2%2Fmedia&parent=310938"}],"wp:term":[{"taxonomy":"category","embeddable":true,"href":"https:\/\/archive.sana.sy\/tr\/index.php?rest_route=%2Fwp%2Fv2%2Fcategories&post=310938"},{"taxonomy":"post_tag","embeddable":true,"href":"https:\/\/archive.sana.sy\/tr\/index.php?rest_route=%2Fwp%2Fv2%2Ftags&post=310938"}],"curies":[{"name":"wp","href":"https:\/\/api.w.org\/{rel}","templated":true}]}}