{"id":310944,"date":"2024-11-02T14:06:55","date_gmt":"2024-11-02T11:06:55","guid":{"rendered":"https:\/\/sana.sy\/tr\/?p=310944"},"modified":"2024-11-02T19:07:44","modified_gmt":"2024-11-02T16:07:44","slug":"medvedev-rusyaya-karsi-uygulanan-bati-yaptirimlari-avrupaya-yansitildi","status":"publish","type":"post","link":"https:\/\/archive.sana.sy\/tr\/?p=310944","title":{"rendered":"Medvedev: Rusya&#8217;ya Kar\u015f\u0131 Uygulanan Bat\u0131 Yapt\u0131r\u0131mlar\u0131 Avrupa&#8217;ya Yans\u0131t\u0131ld\u0131"},"content":{"rendered":"<p style=\"text-align: justify;\"><strong>MOSKOVA (SANA) &#8211;<\/strong>\u00a0 Rus G\u00fcvenlik Konseyi Ba\u015fkan Yard\u0131mc\u0131s\u0131 Dmitry Medvedev, Rusya&#8217;ya kar\u015f\u0131 dayat\u0131lan Bat\u0131 yapt\u0131r\u0131mlar\u0131n\u0131n rakiplerine yans\u0131t\u0131ld\u0131\u011f\u0131n\u0131 ve Bat\u0131&#8217;n\u0131n Rus ekonomisinin \u00e7arp\u0131k bir g\u00f6r\u00fcnt\u00fcs\u00fcne sahip oldu\u011funu do\u011frulad\u0131\u011f\u0131n\u0131 do\u011frulad\u0131.<\/p>\n<p style=\"text-align: justify;\">&#8220;RT&#8221; sitesi, \u2019Medvedev&#8217;in, Bat\u0131 \u00fclkelerinin ve ABD&#8217;nin liderleri Rus ekonomisi hakk\u0131nda \u00e7arp\u0131c\u0131 fikirlere sahiptir\u2019\u2019 diyerek, yapt\u0131r\u0131mlar Avrupa&#8217;ya yans\u0131t\u0131l\u0131rken \u00fclke ekonomisinin b\u00fcy\u00fcmesini s\u00fcrd\u00fcrd\u00fc\u011f\u00fcn\u00fc ve ekonomik bir nesne olarak zay\u0131fl\u0131\u011f\u0131n\u0131 g\u00f6sterdi\u011fini a\u00e7\u0131klad\u0131\u011f\u0131n\u0131 aktard\u0131.<\/p>\n<p style=\"text-align: center;\"><strong><a href=\"https:\/\/t.me\/SuriyeArapHaberAjansI\">Telegram Kanal\u0131m\u0131z\u00a0<\/a>||<a href=\"https:\/\/twitter.com\/arap_ajans\">X Platformumuz\u00a0<\/a>||<a href=\"https:\/\/www.facebook.com\/SANAHaberAjansi\/\">Facebook Sayfam\u0131z<\/a><\/strong><\/p>\n","protected":false},"excerpt":{"rendered":"<p>MOSKOVA (SANA) &#8211;\u00a0 Rus G\u00fcvenlik Konseyi Ba\u015fkan Yard\u0131mc\u0131s\u0131 Dmitry Medvedev, Rusya&#8217;ya kar\u015f\u0131 dayat\u0131lan Bat\u0131 yapt\u0131r\u0131mlar\u0131n\u0131n rakiplerine yans\u0131t\u0131ld\u0131\u011f\u0131n\u0131 ve Bat\u0131&#8217;n\u0131n Rus ekonomisinin \u00e7arp\u0131k bir g\u00f6r\u00fcnt\u00fcs\u00fcne sahip oldu\u011funu do\u011frulad\u0131\u011f\u0131n\u0131 do\u011frulad\u0131. &#8220;RT&#8221; sitesi, \u2019Medvedev&#8217;in, Bat\u0131 \u00fclkelerinin ve ABD&#8217;nin liderleri Rus ekonomisi hakk\u0131nda \u00e7arp\u0131c\u0131 fikirlere sahiptir\u2019\u2019 diyerek, yapt\u0131r\u0131mlar Avrupa&#8217;ya yans\u0131t\u0131l\u0131rken \u00fclke ekonomisinin b\u00fcy\u00fcmesini s\u00fcrd\u00fcrd\u00fc\u011f\u00fcn\u00fc ve ekonomik bir nesne olarak &hellip;<\/p>\n","protected":false},"author":41,"featured_media":310945,"comment_status":"closed","ping_status":"closed","sticky":false,"template":"","format":"standard","meta":{"footnotes":""},"categories":[458,589,459,17988],"tags":[42813,42814],"class_list":["post-310944","post","type-post","status-publish","format-standard","has-post-thumbnail","","category-dunya1","category-haber-seridi","category-haberler-arap-uluslararasi-politika","category-son-haberler","tag-medvedev-rusyaya-karsi-uygulanan-bati-yaptirimlari-avrupaya-yansitildi","tag-rusyade-ekonomi"],"_links":{"self":[{"href":"https:\/\/archive.sana.sy\/tr\/index.php?rest_route=\/wp\/v2\/posts\/310944","targetHints":{"allow":["GET"]}}],"collection":[{"href":"https:\/\/archive.sana.sy\/tr\/index.php?rest_route=\/wp\/v2\/posts"}],"about":[{"href":"https:\/\/archive.sana.sy\/tr\/index.php?rest_route=\/wp\/v2\/types\/post"}],"author":[{"embeddable":true,"href":"https:\/\/archive.sana.sy\/tr\/index.php?rest_route=\/wp\/v2\/users\/41"}],"replies":[{"embeddable":true,"href":"https:\/\/archive.sana.sy\/tr\/index.php?rest_route=%2Fwp%2Fv2%2Fcomments&post=310944"}],"version-history":[{"count":1,"href":"https:\/\/archive.sana.sy\/tr\/index.php?rest_route=\/wp\/v2\/posts\/310944\/revisions"}],"predecessor-version":[{"id":310946,"href":"https:\/\/archive.sana.sy\/tr\/index.php?rest_route=\/wp\/v2\/posts\/310944\/revisions\/310946"}],"wp:featuredmedia":[{"embeddable":true,"href":"https:\/\/archive.sana.sy\/tr\/index.php?rest_route=\/wp\/v2\/media\/310945"}],"wp:attachment":[{"href":"https:\/\/archive.sana.sy\/tr\/index.php?rest_route=%2Fwp%2Fv2%2Fmedia&parent=310944"}],"wp:term":[{"taxonomy":"category","embeddable":true,"href":"https:\/\/archive.sana.sy\/tr\/index.php?rest_route=%2Fwp%2Fv2%2Fcategories&post=310944"},{"taxonomy":"post_tag","embeddable":true,"href":"https:\/\/archive.sana.sy\/tr\/index.php?rest_route=%2Fwp%2Fv2%2Ftags&post=310944"}],"curies":[{"name":"wp","href":"https:\/\/api.w.org\/{rel}","templated":true}]}}