{"id":310964,"date":"2024-11-03T10:13:20","date_gmt":"2024-11-03T07:13:20","guid":{"rendered":"https:\/\/sana.sy\/tr\/?p=310964"},"modified":"2024-11-03T18:42:26","modified_gmt":"2024-11-03T15:42:26","slug":"unicef-isgalci-israile-sivilleri-ve-insani-yardim-calisanlarini-hedef-almayi-durdurma-cagrisinda-bulundu","status":"publish","type":"post","link":"https:\/\/archive.sana.sy\/tr\/?p=310964","title":{"rendered":"UNICEF, \u0130\u015fgalci \u0130srail\u2019e Sivilleri Ve Insani Yard\u0131m \u00c7al\u0131\u015fanlar\u0131n\u0131 Hedef Almay\u0131 Durdurma \u00c7a\u011fr\u0131s\u0131nda Bulundu"},"content":{"rendered":"<p style=\"text-align: justify;\"><strong>NEW YORK (SANA)<\/strong> &#8211; Birle\u015fmi\u015f Milletler \u00c7ocuklara Yard\u0131m Fonu (UNICEF), \u0130srail i\u015fgal \u00f6rg\u00fct\u00fcne sivillere, insani yard\u0131m \u00e7al\u0131\u015fanlar\u0131na ve Gazze \u015eeridi&#8217;nde kalan tesislere ve altyap\u0131ya y\u00f6nelik sald\u0131r\u0131lar\u0131n\u0131 durdurma \u00e7a\u011fr\u0131s\u0131nda bulunurken, d\u00fcn Gazze \u015eeridi&#8217;nin kuzeyindeki Jabalia \u015fehrinde bir \u00e7al\u0131\u015fan\u0131na y\u00f6nelik sald\u0131r\u0131y\u0131 protesto etti\u011fini ifade etti.<\/p>\n<p style=\"text-align: justify;\">\u00d6rg\u00fct\u00fcn genel m\u00fcd\u00fcr\u00fc Catherine Russell, X web sitesinde yay\u0131nlanan bir a\u00e7\u0131klamada, Jabalia&#8217;daki \u00e7al\u0131\u015fan\u0131n\u0131 hedef alan \u0130srail i\u015fgalinin ko\u015fullar\u0131 hakk\u0131nda derhal bir soru\u015fturma yap\u0131lmas\u0131 gereklili\u011fini vurgulad\u0131.<\/p>\n<p style=\"text-align: justify;\">Russel ayr\u0131ca, \u00a0&#8220;Hafta sonu, son iki g\u00fcn i\u00e7inde Cebeliye&#8217;de 50&#8217;den fazla \u00e7ocu\u011fun \u00f6ld\u00fcr\u00fcld\u00fc\u011f\u00fcne dair raporlar\u0131n al\u0131nmas\u0131yla, kuzey Gazze \u015eeridi&#8217;ndeki sald\u0131r\u0131larda kanl\u0131 bir art\u0131\u015fa tan\u0131k oldu&#8221; ifadelerini kulland\u0131.<\/p>\n<p style=\"text-align: justify;\">Russell, ba\u015fta \u00e7ocuklar olmak \u00fczere kuzey Gazze&#8217;de ya\u015fayan herkesin hastal\u0131k, k\u0131tl\u0131k ve devam eden bombard\u0131man nedeniyle \u00f6l\u00fcm tehlikesiyle kar\u015f\u0131 kar\u015f\u0131ya oldu\u011fu konusunda da uyard\u0131.<\/p>\n<p style=\"text-align: center;\"><strong><a href=\"https:\/\/t.me\/SuriyeArapHaberAjansI\">Telegram Kanal\u0131m\u0131z\u00a0<\/a>||<a href=\"https:\/\/twitter.com\/arap_ajans\">X Platformumuz\u00a0<\/a>||<a href=\"https:\/\/www.facebook.com\/SANAHaberAjansi\/\">Facebook Sayfam\u0131z<\/a><\/strong><\/p>\n","protected":false},"excerpt":{"rendered":"<p>NEW YORK (SANA) &#8211; Birle\u015fmi\u015f Milletler \u00c7ocuklara Yard\u0131m Fonu (UNICEF), \u0130srail i\u015fgal \u00f6rg\u00fct\u00fcne sivillere, insani yard\u0131m \u00e7al\u0131\u015fanlar\u0131na ve Gazze \u015eeridi&#8217;nde kalan tesislere ve altyap\u0131ya y\u00f6nelik sald\u0131r\u0131lar\u0131n\u0131 durdurma \u00e7a\u011fr\u0131s\u0131nda bulunurken, d\u00fcn Gazze \u015eeridi&#8217;nin kuzeyindeki Jabalia \u015fehrinde bir \u00e7al\u0131\u015fan\u0131na y\u00f6nelik sald\u0131r\u0131y\u0131 protesto etti\u011fini ifade etti. \u00d6rg\u00fct\u00fcn genel m\u00fcd\u00fcr\u00fc Catherine Russell, X web sitesinde yay\u0131nlanan bir a\u00e7\u0131klamada, Jabalia&#8217;daki &hellip;<\/p>\n","protected":false},"author":41,"featured_media":310965,"comment_status":"closed","ping_status":"closed","sticky":false,"template":"","format":"standard","meta":{"footnotes":""},"categories":[458,589,459,17988],"tags":[19558],"class_list":["post-310964","post","type-post","status-publish","format-standard","has-post-thumbnail","","category-dunya1","category-haber-seridi","category-haberler-arap-uluslararasi-politika","category-son-haberler","tag-birlesmis-milletler-cocuklara-yardim-fonu-unicef"],"_links":{"self":[{"href":"https:\/\/archive.sana.sy\/tr\/index.php?rest_route=\/wp\/v2\/posts\/310964","targetHints":{"allow":["GET"]}}],"collection":[{"href":"https:\/\/archive.sana.sy\/tr\/index.php?rest_route=\/wp\/v2\/posts"}],"about":[{"href":"https:\/\/archive.sana.sy\/tr\/index.php?rest_route=\/wp\/v2\/types\/post"}],"author":[{"embeddable":true,"href":"https:\/\/archive.sana.sy\/tr\/index.php?rest_route=\/wp\/v2\/users\/41"}],"replies":[{"embeddable":true,"href":"https:\/\/archive.sana.sy\/tr\/index.php?rest_route=%2Fwp%2Fv2%2Fcomments&post=310964"}],"version-history":[{"count":1,"href":"https:\/\/archive.sana.sy\/tr\/index.php?rest_route=\/wp\/v2\/posts\/310964\/revisions"}],"predecessor-version":[{"id":310966,"href":"https:\/\/archive.sana.sy\/tr\/index.php?rest_route=\/wp\/v2\/posts\/310964\/revisions\/310966"}],"wp:featuredmedia":[{"embeddable":true,"href":"https:\/\/archive.sana.sy\/tr\/index.php?rest_route=\/wp\/v2\/media\/310965"}],"wp:attachment":[{"href":"https:\/\/archive.sana.sy\/tr\/index.php?rest_route=%2Fwp%2Fv2%2Fmedia&parent=310964"}],"wp:term":[{"taxonomy":"category","embeddable":true,"href":"https:\/\/archive.sana.sy\/tr\/index.php?rest_route=%2Fwp%2Fv2%2Fcategories&post=310964"},{"taxonomy":"post_tag","embeddable":true,"href":"https:\/\/archive.sana.sy\/tr\/index.php?rest_route=%2Fwp%2Fv2%2Ftags&post=310964"}],"curies":[{"name":"wp","href":"https:\/\/api.w.org\/{rel}","templated":true}]}}