{"id":310995,"date":"2024-11-04T15:52:55","date_gmt":"2024-11-04T12:52:55","guid":{"rendered":"https:\/\/sana.sy\/tr\/?p=310995"},"modified":"2024-11-04T15:52:55","modified_gmt":"2024-11-04T12:52:55","slug":"pezeskiyan-iran-onu-zayiflatmak-icin-ekonomik-bir-savasla-karsi-karsiya","status":"publish","type":"post","link":"https:\/\/archive.sana.sy\/tr\/?p=310995","title":{"rendered":"Peze\u015fkiyan: \u0130ran Onu Zay\u0131flatmak \u0130\u00e7in Ekonomik Bir Sava\u015fla Kar\u015f\u0131 Kar\u015f\u0131ya"},"content":{"rendered":"<p style=\"text-align: justify;\"><strong>TAHRAN (SANA)<\/strong> &#8211;\u00a0 \u0130ran Cumhurba\u015fkan\u0131 Mesud Peze\u015fkiyan, \u0130ran&#8217;\u0131n, d\u00fc\u015fmanlar\u0131n onu zay\u0131flatmak amac\u0131yla geni\u015f \u00e7apl\u0131 bir ekonomik sava\u015fla kar\u015f\u0131 kar\u015f\u0131ya oldu\u011funu ve bu nedenle, \u0130ran&#8217;\u0131n mutlaka bu sava\u015fla y\u00fczle\u015fmek ve \u00fcstesinden gelmek i\u00e7in \u00e7abalamas\u0131 gerekti\u011fini vurgulad\u0131.<\/p>\n<p style=\"text-align: justify;\">\u0130ran haber ajans\u0131 IRNA, Peze\u015fkiyan&#8217;\u0131n bug\u00fcnk\u00fc konu\u015fmas\u0131nda \u015funlar\u0131 s\u00f6yledi\u011fini aktard\u0131:\u201cSava\u015f art\u0131k bomba ve f\u00fczelerle yap\u0131lan bir sava\u015f de\u011fil, ekonomik bir sava\u015f haline geldi ve d\u00fc\u015fmanlar \u0130ranl\u0131lar\u0131n askeri sava\u015flardan korkmad\u0131\u011f\u0131n\u0131 biliyor. Kimse onlar\u0131 bu alanda zay\u0131flatamayacak, dolay\u0131s\u0131yla ekonomik sorunlar yaratmaya \u00e7al\u0131\u015f\u0131yorlar ki bu da a\u015f\u0131lmas\u0131 i\u00e7in \u00e7aba gerektiriyor.\u201d<\/p>\n<p style=\"text-align: justify;\">Cumhurba\u015fkan\u0131 Peze\u015fkiyan ayr\u0131ca, \u0130ran&#8217;\u0131n &#8220;cayd\u0131r\u0131c\u0131l\u0131k politikas\u0131 \u00e7er\u00e7evesinde ve \u0130srail dahil d\u00fc\u015fmanlar\u0131n ona sald\u0131ramamas\u0131 i\u00e7in kendi savunma ekipmanlar\u0131n\u0131 \u00fcretmeye y\u00f6neldi\u011fini&#8221; ifade etti.<\/p>\n<p style=\"text-align: center;\"><strong><a href=\"https:\/\/t.me\/SuriyeArapHaberAjansI\">Telegram Kanal\u0131m\u0131z\u00a0<\/a>||<a href=\"https:\/\/twitter.com\/arap_ajans\">X Platformumuz\u00a0<\/a>||<a href=\"https:\/\/www.facebook.com\/SANAHaberAjansi\/\">Facebook Sayfam\u0131z<\/a><\/strong><\/p>\n","protected":false},"excerpt":{"rendered":"<p>TAHRAN (SANA) &#8211;\u00a0 \u0130ran Cumhurba\u015fkan\u0131 Mesud Peze\u015fkiyan, \u0130ran&#8217;\u0131n, d\u00fc\u015fmanlar\u0131n onu zay\u0131flatmak amac\u0131yla geni\u015f \u00e7apl\u0131 bir ekonomik sava\u015fla kar\u015f\u0131 kar\u015f\u0131ya oldu\u011funu ve bu nedenle, \u0130ran&#8217;\u0131n mutlaka bu sava\u015fla y\u00fczle\u015fmek ve \u00fcstesinden gelmek i\u00e7in \u00e7abalamas\u0131 gerekti\u011fini vurgulad\u0131. \u0130ran haber ajans\u0131 IRNA, Peze\u015fkiyan&#8217;\u0131n bug\u00fcnk\u00fc konu\u015fmas\u0131nda \u015funlar\u0131 s\u00f6yledi\u011fini aktard\u0131:\u201cSava\u015f art\u0131k bomba ve f\u00fczelerle yap\u0131lan bir sava\u015f de\u011fil, ekonomik bir &hellip;<\/p>\n","protected":false},"author":41,"featured_media":310996,"comment_status":"closed","ping_status":"closed","sticky":false,"template":"","format":"standard","meta":{"footnotes":""},"categories":[458,589,459,17988],"tags":[42821],"class_list":["post-310995","post","type-post","status-publish","format-standard","has-post-thumbnail","","category-dunya1","category-haber-seridi","category-haberler-arap-uluslararasi-politika","category-son-haberler","tag-pezeskiyan-iran-onu-zayiflatmak-icin-ekonomik-bir-savasla-karsi-karsiya"],"_links":{"self":[{"href":"https:\/\/archive.sana.sy\/tr\/index.php?rest_route=\/wp\/v2\/posts\/310995","targetHints":{"allow":["GET"]}}],"collection":[{"href":"https:\/\/archive.sana.sy\/tr\/index.php?rest_route=\/wp\/v2\/posts"}],"about":[{"href":"https:\/\/archive.sana.sy\/tr\/index.php?rest_route=\/wp\/v2\/types\/post"}],"author":[{"embeddable":true,"href":"https:\/\/archive.sana.sy\/tr\/index.php?rest_route=\/wp\/v2\/users\/41"}],"replies":[{"embeddable":true,"href":"https:\/\/archive.sana.sy\/tr\/index.php?rest_route=%2Fwp%2Fv2%2Fcomments&post=310995"}],"version-history":[{"count":1,"href":"https:\/\/archive.sana.sy\/tr\/index.php?rest_route=\/wp\/v2\/posts\/310995\/revisions"}],"predecessor-version":[{"id":310997,"href":"https:\/\/archive.sana.sy\/tr\/index.php?rest_route=\/wp\/v2\/posts\/310995\/revisions\/310997"}],"wp:featuredmedia":[{"embeddable":true,"href":"https:\/\/archive.sana.sy\/tr\/index.php?rest_route=\/wp\/v2\/media\/310996"}],"wp:attachment":[{"href":"https:\/\/archive.sana.sy\/tr\/index.php?rest_route=%2Fwp%2Fv2%2Fmedia&parent=310995"}],"wp:term":[{"taxonomy":"category","embeddable":true,"href":"https:\/\/archive.sana.sy\/tr\/index.php?rest_route=%2Fwp%2Fv2%2Fcategories&post=310995"},{"taxonomy":"post_tag","embeddable":true,"href":"https:\/\/archive.sana.sy\/tr\/index.php?rest_route=%2Fwp%2Fv2%2Ftags&post=310995"}],"curies":[{"name":"wp","href":"https:\/\/api.w.org\/{rel}","templated":true}]}}