{"id":311006,"date":"2024-11-04T19:15:57","date_gmt":"2024-11-04T16:15:57","guid":{"rendered":"https:\/\/sana.sy\/tr\/?p=311006"},"modified":"2024-11-05T17:32:55","modified_gmt":"2024-11-05T14:32:55","slug":"dusman-israil-samin-guneyinde-bir-dizi-sivil-bolgeyi-hedef-alan-bir-saldirganlik-duzenledi","status":"publish","type":"post","link":"https:\/\/archive.sana.sy\/tr\/?p=311006","title":{"rendered":"D\u00fc\u015fman \u0130srail \u015eam&#8217;\u0131n G\u00fcneyinde Bir Dizi Sivil B\u00f6lgeyi Hedef Alan Bir Sald\u0131rganl\u0131k D\u00fczenledi"},"content":{"rendered":"<p style=\"text-align: justify;\"><strong>\u015eAM (SANA) &#8211;<\/strong> \u00a0Bug\u00fcn \u0130srail d\u00fc\u015fman u\u00e7aklar\u0131 \u015eam&#8217;\u0131n g\u00fcneyinde bir dizi sivil b\u00f6lgeyi hedef alarak maddi kay\u0131plara yol a\u00e7t\u0131.<\/p>\n<p style=\"text-align: justify;\">Askeri bir kaynak SANA&#8217;ya yapt\u0131\u011f\u0131 a\u00e7\u0131klamada \u015funlar\u0131 s\u00f6yledi: \u2018\u2019Bug\u00fcn saat 17.18 s\u0131ralar\u0131nda d\u00fc\u015fman \u0130srail, i\u015fgal edilen Suriye Golan y\u00f6n\u00fcnden \u015eam&#8217;\u0131n g\u00fcneyindeki baz\u0131 sivil b\u00f6lgeleri hedef alan bir hava sald\u0131rganl\u0131\u011f\u0131 d\u00fczenledi. Bu da baz\u0131 maddi kay\u0131plara yol a\u00e7t\u0131.\u2019\u2019<\/p>\n<p style=\"text-align: center;\"><strong><a href=\"https:\/\/t.me\/SuriyeArapHaberAjansI\">Telegram Kanal\u0131m\u0131z\u00a0<\/a>||<a href=\"https:\/\/twitter.com\/arap_ajans\">X Platformumuz\u00a0<\/a>||<a href=\"https:\/\/www.facebook.com\/SANAHaberAjansi\/\">Facebook Sayfam\u0131z<\/a><\/strong><\/p>\n","protected":false},"excerpt":{"rendered":"<p>\u015eAM (SANA) &#8211; \u00a0Bug\u00fcn \u0130srail d\u00fc\u015fman u\u00e7aklar\u0131 \u015eam&#8217;\u0131n g\u00fcneyinde bir dizi sivil b\u00f6lgeyi hedef alarak maddi kay\u0131plara yol a\u00e7t\u0131. Askeri bir kaynak SANA&#8217;ya yapt\u0131\u011f\u0131 a\u00e7\u0131klamada \u015funlar\u0131 s\u00f6yledi: \u2018\u2019Bug\u00fcn saat 17.18 s\u0131ralar\u0131nda d\u00fc\u015fman \u0130srail, i\u015fgal edilen Suriye Golan y\u00f6n\u00fcnden \u015eam&#8217;\u0131n g\u00fcneyindeki baz\u0131 sivil b\u00f6lgeleri hedef alan bir hava sald\u0131rganl\u0131\u011f\u0131 d\u00fczenledi. Bu da baz\u0131 maddi kay\u0131plara yol &hellip;<\/p>\n","protected":false},"author":41,"featured_media":311007,"comment_status":"closed","ping_status":"closed","sticky":false,"template":"","format":"standard","meta":{"footnotes":""},"categories":[589,479,17988,478],"tags":[42824,42825,25362],"class_list":["post-311006","post","type-post","status-publish","format-standard","has-post-thumbnail","","category-haber-seridi","category-haberler-yerel","category-son-haberler","category-yerel","tag-dusman-israil-samin-guneyinde-bir-dizi-sivil-bolgeyi-hedef-alan-bir-saldirganlik-duzenledi","tag-israil-ile-suriye-arasindaki-savas","tag-samda-son-durum"],"_links":{"self":[{"href":"https:\/\/archive.sana.sy\/tr\/index.php?rest_route=\/wp\/v2\/posts\/311006","targetHints":{"allow":["GET"]}}],"collection":[{"href":"https:\/\/archive.sana.sy\/tr\/index.php?rest_route=\/wp\/v2\/posts"}],"about":[{"href":"https:\/\/archive.sana.sy\/tr\/index.php?rest_route=\/wp\/v2\/types\/post"}],"author":[{"embeddable":true,"href":"https:\/\/archive.sana.sy\/tr\/index.php?rest_route=\/wp\/v2\/users\/41"}],"replies":[{"embeddable":true,"href":"https:\/\/archive.sana.sy\/tr\/index.php?rest_route=%2Fwp%2Fv2%2Fcomments&post=311006"}],"version-history":[{"count":1,"href":"https:\/\/archive.sana.sy\/tr\/index.php?rest_route=\/wp\/v2\/posts\/311006\/revisions"}],"predecessor-version":[{"id":311008,"href":"https:\/\/archive.sana.sy\/tr\/index.php?rest_route=\/wp\/v2\/posts\/311006\/revisions\/311008"}],"wp:featuredmedia":[{"embeddable":true,"href":"https:\/\/archive.sana.sy\/tr\/index.php?rest_route=\/wp\/v2\/media\/311007"}],"wp:attachment":[{"href":"https:\/\/archive.sana.sy\/tr\/index.php?rest_route=%2Fwp%2Fv2%2Fmedia&parent=311006"}],"wp:term":[{"taxonomy":"category","embeddable":true,"href":"https:\/\/archive.sana.sy\/tr\/index.php?rest_route=%2Fwp%2Fv2%2Fcategories&post=311006"},{"taxonomy":"post_tag","embeddable":true,"href":"https:\/\/archive.sana.sy\/tr\/index.php?rest_route=%2Fwp%2Fv2%2Ftags&post=311006"}],"curies":[{"name":"wp","href":"https:\/\/api.w.org\/{rel}","templated":true}]}}