{"id":311013,"date":"2024-11-05T10:00:11","date_gmt":"2024-11-05T07:00:11","guid":{"rendered":"https:\/\/sana.sy\/tr\/?p=311013"},"modified":"2024-11-06T15:46:08","modified_gmt":"2024-11-06T12:46:08","slug":"suriye-bm-uyesi-devletlerin-israil-saldirganliklarini-durdurmak-icin-sert-onlemler-almasi-yonundeki-talebini-yineledi","status":"publish","type":"post","link":"https:\/\/archive.sana.sy\/tr\/?p=311013","title":{"rendered":"Suriye, BM \u00dcyesi Devletlerin \u0130srail Sald\u0131rganl\u0131klar\u0131n\u0131 Durdurmak \u0130\u00e7in Sert \u00d6nlemler Almas\u0131 Y\u00f6n\u00fcndeki Talebini Yineledi"},"content":{"rendered":"<p style=\"text-align: justify;\"><strong>\u015eAM (SANA) &#8211;<\/strong>\u00a0 Suriye, Birle\u015fmi\u015f Milletler \u00fcyesi \u00fclkelere \u0130srail&#8217;in kendi topraklar\u0131na y\u00f6nelik sald\u0131r\u0131lar\u0131n\u0131 durdurmak i\u00e7in sert \u00f6nlemler alma \u00e7a\u011fr\u0131s\u0131n\u0131 yineleyerek, bu sald\u0131rganl\u0131klar\u0131n devam etmesinin, varl\u0131\u011f\u0131 engellemek ve ihlallerini durdurmak i\u00e7in ciddi bir eylemde bulunulmamas\u0131n\u0131n bir sonucu olarak ortaya \u00e7\u0131k\u0131yor.<\/p>\n<p style=\"text-align: justify;\">D\u0131\u015fi\u015fleri ve Gurbet\u00e7iler Bakanl\u0131\u011f\u0131&#8217;ndan bug\u00fcn bir n\u00fcshas\u0131 SANA&#8217;ya ula\u015fan a\u00e7\u0131klamada \u015fu ifadelere yer verildi: &#8221;Suriye Arap Cumhuriyeti, Siyonist varl\u0131\u011f\u0131n bu ak\u015fam i\u015fgal edilen Suriye Golan&#8217;\u0131 y\u00f6n\u00fcnden ba\u015flatt\u0131\u011f\u0131, \u015eam&#8217;\u0131n g\u00fcneyindeki baz\u0131 sivil b\u00f6lgeleri hedef alan ve hedeflenen b\u00f6lgelerde ciddi maddi hasara yol a\u00e7an sald\u0131rganl\u0131\u011f\u0131 k\u0131n\u0131yor.&#8221;<\/p>\n<p style=\"text-align: justify;\">Bakanl\u0131k ayr\u0131ca, &#8221;Suriye, \u0130srail i\u015fgal varl\u0131\u011f\u0131n\u0131n sald\u0131rgan ve su\u00e7 niteli\u011findeki uygulamalar\u0131n\u0131n ve sivil b\u00f6lgeleri s\u00fcrekli hedef almas\u0131n\u0131n, bu varl\u0131\u011f\u0131 dizginlemek ve b\u00f6lge halklar\u0131na ve \u00fclkelerine y\u00f6nelik a\u011f\u0131r ihlallerini durdurmak i\u00e7in herhangi bir ciddi eylemde bulunmamas\u0131n\u0131n sonucu oldu\u011funu teyit etmektedir.<\/p>\n<p style=\"text-align: justify;\">D\u0131\u015fi\u015fleri Bakanl\u0131\u011f\u0131 a\u00e7\u0131klamas\u0131n\u0131, &#8221;Suriye, Birle\u015fmi\u015f Milletler \u00fcye devletlerine \u0130srail sald\u0131rganl\u0131\u011f\u0131n\u0131 durdurmak ve faillerini i\u015fledikleri su\u00e7lardan sorumlu tutmak i\u00e7in acil \u00f6nlemler alma y\u00f6n\u00fcndeki \u00e7a\u011fr\u0131s\u0131n\u0131 yineliyor&#8221; ifadeleriyle tamamlad\u0131.<\/p>\n<p style=\"text-align: center;\"><strong><a href=\"https:\/\/t.me\/SuriyeArapHaberAjansI\">Telegram Kanal\u0131m\u0131z\u00a0<\/a>||<a href=\"https:\/\/twitter.com\/arap_ajans\">X Platformumuz\u00a0<\/a>||<a href=\"https:\/\/www.facebook.com\/SANAHaberAjansi\/\">Facebook Sayfam\u0131z<\/a><\/strong><\/p>\n","protected":false},"excerpt":{"rendered":"<p>\u015eAM (SANA) &#8211;\u00a0 Suriye, Birle\u015fmi\u015f Milletler \u00fcyesi \u00fclkelere \u0130srail&#8217;in kendi topraklar\u0131na y\u00f6nelik sald\u0131r\u0131lar\u0131n\u0131 durdurmak i\u00e7in sert \u00f6nlemler alma \u00e7a\u011fr\u0131s\u0131n\u0131 yineleyerek, bu sald\u0131rganl\u0131klar\u0131n devam etmesinin, varl\u0131\u011f\u0131 engellemek ve ihlallerini durdurmak i\u00e7in ciddi bir eylemde bulunulmamas\u0131n\u0131n bir sonucu olarak ortaya \u00e7\u0131k\u0131yor. D\u0131\u015fi\u015fleri ve Gurbet\u00e7iler Bakanl\u0131\u011f\u0131&#8217;ndan bug\u00fcn bir n\u00fcshas\u0131 SANA&#8217;ya ula\u015fan a\u00e7\u0131klamada \u015fu ifadelere yer verildi: &#8221;Suriye Arap &hellip;<\/p>\n","protected":false},"author":41,"featured_media":311014,"comment_status":"closed","ping_status":"closed","sticky":false,"template":"","format":"standard","meta":{"footnotes":""},"categories":[458,589,459,17988],"tags":[],"class_list":["post-311013","post","type-post","status-publish","format-standard","has-post-thumbnail","","category-dunya1","category-haber-seridi","category-haberler-arap-uluslararasi-politika","category-son-haberler"],"_links":{"self":[{"href":"https:\/\/archive.sana.sy\/tr\/index.php?rest_route=\/wp\/v2\/posts\/311013","targetHints":{"allow":["GET"]}}],"collection":[{"href":"https:\/\/archive.sana.sy\/tr\/index.php?rest_route=\/wp\/v2\/posts"}],"about":[{"href":"https:\/\/archive.sana.sy\/tr\/index.php?rest_route=\/wp\/v2\/types\/post"}],"author":[{"embeddable":true,"href":"https:\/\/archive.sana.sy\/tr\/index.php?rest_route=\/wp\/v2\/users\/41"}],"replies":[{"embeddable":true,"href":"https:\/\/archive.sana.sy\/tr\/index.php?rest_route=%2Fwp%2Fv2%2Fcomments&post=311013"}],"version-history":[{"count":2,"href":"https:\/\/archive.sana.sy\/tr\/index.php?rest_route=\/wp\/v2\/posts\/311013\/revisions"}],"predecessor-version":[{"id":311072,"href":"https:\/\/archive.sana.sy\/tr\/index.php?rest_route=\/wp\/v2\/posts\/311013\/revisions\/311072"}],"wp:featuredmedia":[{"embeddable":true,"href":"https:\/\/archive.sana.sy\/tr\/index.php?rest_route=\/wp\/v2\/media\/311014"}],"wp:attachment":[{"href":"https:\/\/archive.sana.sy\/tr\/index.php?rest_route=%2Fwp%2Fv2%2Fmedia&parent=311013"}],"wp:term":[{"taxonomy":"category","embeddable":true,"href":"https:\/\/archive.sana.sy\/tr\/index.php?rest_route=%2Fwp%2Fv2%2Fcategories&post=311013"},{"taxonomy":"post_tag","embeddable":true,"href":"https:\/\/archive.sana.sy\/tr\/index.php?rest_route=%2Fwp%2Fv2%2Ftags&post=311013"}],"curies":[{"name":"wp","href":"https:\/\/api.w.org\/{rel}","templated":true}]}}