{"id":311016,"date":"2024-11-05T10:08:17","date_gmt":"2024-11-05T07:08:17","guid":{"rendered":"https:\/\/sana.sy\/tr\/?p=311016"},"modified":"2024-11-05T10:29:45","modified_gmt":"2024-11-05T07:29:45","slug":"israilin-gazze-seridinde-yerinden-edilen-filistinlilerin-cadirlarini-ve-evlerini-hedef-alan-bombardimaninda-29-sehit","status":"publish","type":"post","link":"https:\/\/archive.sana.sy\/tr\/?p=311016","title":{"rendered":"\u0130srail&#8217;in Gazze \u015eeridi&#8217;nde Yerinden Edilen Filistinlilerin \u00c7ad\u0131rlar\u0131n\u0131 Ve Evlerini Hedef Alan Bombard\u0131man\u0131nda 29 \u015eehit"},"content":{"rendered":"<p style=\"text-align: justify;\"><strong>\u0130\u015eGAL ED\u0130LEN KUD\u00dcS (SANA) \u2013<\/strong> \u0130srail&#8217;in i\u015fgal edilen Gazze \u015eeridi&#8217;nin \u00e7e\u015fitli b\u00f6lgelerinde yerlerinden edilen ki\u015filerin ya\u015fad\u0131\u011f\u0131 evleri ve \u00e7ad\u0131rlar\u0131 bombalamas\u0131 sonucu bug\u00fcn \u015fafak vakti d\u00fczinelerce Filistinli \u015fehit d\u00fc\u015ft\u00fc ve yaraland\u0131.<\/p>\n<p style=\"text-align: justify;\">Filistinli medyas\u0131, i\u015fgal u\u00e7aklar\u0131n\u0131n Gazze \u015eeridi\u2019nin kuzeyindeki Beyt Lahya\u2019da yerinden edilen insanlar\u0131n ya\u015fad\u0131\u011f\u0131 bir evi bombalad\u0131\u011f\u0131n\u0131, \u00e7o\u011fu \u00e7ocuk ve kad\u0131n olmak \u00fczere 20 Filistinliyi \u015fehit d\u00fc\u015ft\u00fc\u011f\u00fcn\u00fc ve di\u011ferlerini de yaralad\u0131\u011f\u0131n\u0131 bildirdi.<\/p>\n<p style=\"text-align: justify;\">medya ayr\u0131ca, i\u015fgalcilerin, Gazze \u015eeridi&#8217;nin ortas\u0131ndaki Deyr El Balah ve Zavayda b\u00f6lgesi, g\u00fcneyindeki Han Yunus&#8217;un Ma&#8217;an b\u00f6lgesinde yerinden edilen ki\u015filerin \u00e7ad\u0131rlar\u0131n\u0131 bombalamas\u0131 sonucu 9 Filistinlinin \u015fehit d\u00fc\u015ft\u00fc\u011f\u00fcne i\u015faret etti.<\/p>\n<p style=\"text-align: justify;\">Gazze \u015eeridi\u2019nde 394\u2019\u00fcnc\u00fc g\u00fcn\u00fcnde devam eden i\u015fgal sald\u0131rganl\u0131\u011f\u0131nda ma\u011fdurlar\u0131n say\u0131s\u0131 43 bin 341 \u015fehit ve 102 bin 105 yaral\u0131ya y\u00fckseldi. \u00c7ok say\u0131da ma\u011fdur halen enkaz alt\u0131nda ve yollardayken, ambulans ve sivil savunma ekipleri onlara ula\u015fam\u0131yor.<\/p>\n<p style=\"text-align: center;\"><strong><a href=\"https:\/\/t.me\/SuriyeArapHaberAjansI\">Telegram Kanal\u0131m\u0131z\u00a0<\/a>||<a href=\"https:\/\/twitter.com\/arap_ajans\">X Platformumuz\u00a0<\/a>||<a href=\"https:\/\/www.facebook.com\/SANAHaberAjansi\/\">Facebook Sayfam\u0131z<\/a><\/strong><\/p>\n","protected":false},"excerpt":{"rendered":"<p>\u0130\u015eGAL ED\u0130LEN KUD\u00dcS (SANA) \u2013 \u0130srail&#8217;in i\u015fgal edilen Gazze \u015eeridi&#8217;nin \u00e7e\u015fitli b\u00f6lgelerinde yerlerinden edilen ki\u015filerin ya\u015fad\u0131\u011f\u0131 evleri ve \u00e7ad\u0131rlar\u0131 bombalamas\u0131 sonucu bug\u00fcn \u015fafak vakti d\u00fczinelerce Filistinli \u015fehit d\u00fc\u015ft\u00fc ve yaraland\u0131. Filistinli medyas\u0131, i\u015fgal u\u00e7aklar\u0131n\u0131n Gazze \u015eeridi\u2019nin kuzeyindeki Beyt Lahya\u2019da yerinden edilen insanlar\u0131n ya\u015fad\u0131\u011f\u0131 bir evi bombalad\u0131\u011f\u0131n\u0131, \u00e7o\u011fu \u00e7ocuk ve kad\u0131n olmak \u00fczere 20 Filistinliyi \u015fehit &hellip;<\/p>\n","protected":false},"author":39,"featured_media":311017,"comment_status":"closed","ping_status":"closed","sticky":false,"template":"","format":"standard","meta":{"footnotes":""},"categories":[589,479,17988,478],"tags":[],"class_list":["post-311016","post","type-post","status-publish","format-standard","has-post-thumbnail","","category-haber-seridi","category-haberler-yerel","category-son-haberler","category-yerel"],"_links":{"self":[{"href":"https:\/\/archive.sana.sy\/tr\/index.php?rest_route=\/wp\/v2\/posts\/311016","targetHints":{"allow":["GET"]}}],"collection":[{"href":"https:\/\/archive.sana.sy\/tr\/index.php?rest_route=\/wp\/v2\/posts"}],"about":[{"href":"https:\/\/archive.sana.sy\/tr\/index.php?rest_route=\/wp\/v2\/types\/post"}],"author":[{"embeddable":true,"href":"https:\/\/archive.sana.sy\/tr\/index.php?rest_route=\/wp\/v2\/users\/39"}],"replies":[{"embeddable":true,"href":"https:\/\/archive.sana.sy\/tr\/index.php?rest_route=%2Fwp%2Fv2%2Fcomments&post=311016"}],"version-history":[{"count":2,"href":"https:\/\/archive.sana.sy\/tr\/index.php?rest_route=\/wp\/v2\/posts\/311016\/revisions"}],"predecessor-version":[{"id":311019,"href":"https:\/\/archive.sana.sy\/tr\/index.php?rest_route=\/wp\/v2\/posts\/311016\/revisions\/311019"}],"wp:featuredmedia":[{"embeddable":true,"href":"https:\/\/archive.sana.sy\/tr\/index.php?rest_route=\/wp\/v2\/media\/311017"}],"wp:attachment":[{"href":"https:\/\/archive.sana.sy\/tr\/index.php?rest_route=%2Fwp%2Fv2%2Fmedia&parent=311016"}],"wp:term":[{"taxonomy":"category","embeddable":true,"href":"https:\/\/archive.sana.sy\/tr\/index.php?rest_route=%2Fwp%2Fv2%2Fcategories&post=311016"},{"taxonomy":"post_tag","embeddable":true,"href":"https:\/\/archive.sana.sy\/tr\/index.php?rest_route=%2Fwp%2Fv2%2Ftags&post=311016"}],"curies":[{"name":"wp","href":"https:\/\/api.w.org\/{rel}","templated":true}]}}