{"id":311020,"date":"2024-11-05T11:55:21","date_gmt":"2024-11-05T08:55:21","guid":{"rendered":"https:\/\/sana.sy\/tr\/?p=311020"},"modified":"2024-11-05T11:55:42","modified_gmt":"2024-11-05T08:55:42","slug":"isgalci-israilin-lubnanda-bircok-bolge-ve-kasabaya-yonelik-saldirganliklari-sonucu-sehit-ve-yaralilar","status":"publish","type":"post","link":"https:\/\/archive.sana.sy\/tr\/?p=311020","title":{"rendered":"\u0130\u015fgalci \u0130srail&#8217;in L\u00fcbnan&#8217;daki Bir\u00e7ok B\u00f6lge Ve Kasabaya Y\u00f6nelik Sald\u0131rganl\u0131klar\u0131 Sonucu \u015eehit Ve Yaral\u0131lar"},"content":{"rendered":"<p style=\"text-align: justify;\"><strong>BEYRUT (SANA) \u2013<\/strong> D\u00fc\u015fman \u0130srail u\u00e7aklar\u0131 bug\u00fcn L\u00fcbnan b\u00f6lgelerine y\u00f6nelik sald\u0131rganl\u0131klar\u0131n\u0131 yenileyerek altyap\u0131 ve yerle\u015fim yerlerini hedef ald\u0131 ve bu sald\u0131rganl\u0131klar \u00e7ok say\u0131da ki\u015finin \u015fehit d\u00fc\u015fmesine ve yaralanmas\u0131na yol a\u00e7t\u0131.<\/p>\n<p style=\"text-align: justify;\">L\u00fcbnan Ulusal Haber Ajans\u0131, d\u00fc\u015fman u\u00e7aklar\u0131n\u0131n gece saatlerinde Deyr Keyfa kasabas\u0131, Bazuriyeh, Srifa, Bari\u015f, Kafra ve Yater kasabalar\u0131na hava sald\u0131rganl\u0131\u011f\u0131 d\u00fczenledi\u011fini, bunun sonucunda iki ki\u015finin \u015fehit d\u00fc\u015fmesine, \u00e7ok say\u0131da L\u00dcbnanl\u0131n\u0131n da yaralanmas\u0131na yol a\u00e7t\u0131\u011f\u0131n\u0131 bildirdi.<\/p>\n<p style=\"text-align: justify;\">D\u00fc\u015fman u\u00e7aklar\u0131 ayr\u0131ca Maarub kasabas\u0131ndaki bir binaya da hava sald\u0131rganl\u0131\u011f\u0131 d\u00fczenleyip, bununu sonucunden binan\u0131n y\u0131k\u0131lmas\u0131na, yaralanmalara ve hasara yol a\u00e7t\u0131.<\/p>\n<p style=\"text-align: justify;\">D\u00fc\u015fman u\u00e7aklar\u0131 da Bint Cbeyl \u015fehrine hava sald\u0131r\u011fanl\u0131\u011f\u0131 d\u00fczenleyerek \u015fehrin pop\u00fcler pazar\u0131n\u0131 hedef alarak, bu durum m\u00fclklere ve ma\u011fazalara ciddi zarar verirken, buna \u015fehrin d\u0131\u015f mahalleleri ile Maroun ve Yaroun kasabalar\u0131n\u0131n d\u0131\u015f mahallelerine top\u00e7u bombard\u0131man\u0131 da e\u015flik etti.<\/p>\n<p style=\"text-align: justify;\">\u0130srail d\u00fc\u015fman insans\u0131z hava ara\u00e7lar\u0131n\u0131n Haris kasabas\u0131nda bir motosikleti hedef almas\u0131 sonucu bir ki\u015fi \u015fehit d\u00fc\u015ft\u00fc, ard\u0131ndan kasabadaki camiye hava sald\u0131rganl\u0131\u011f\u0131 d\u00fczenlenerek cami y\u0131k\u0131ld\u0131.<\/p>\n<p style=\"text-align: justify;\">Gece yar\u0131s\u0131ndan sonra, \u0130srail insans\u0131z hava ara\u00e7lar\u0131n\u0131n g\u00fcneydeki El Tiri kasabas\u0131n\u0131 hedef almas\u0131 sonucu \u00e7ok say\u0131da b\u00f6lge sakini orta derecede yaraland\u0131 ve tedavi i\u00e7in Tire&#8217;deki L\u00fcbnan-\u0130talyan Hastanesine nakledildiler.<\/p>\n<p style=\"text-align: justify;\">D\u00fc\u015fman u\u00e7aklar\u0131 Harayib kasabas\u0131n\u0131n eteklerine, Kafr Tibnit kasabas\u0131ndaki bir eve, Kasibe ile Sir El \u011earbiyye kasabalar\u0131 aras\u0131ndaki b\u00f6lgeye hava sald\u0131rganl\u0131\u011f\u0131 da d\u00fczenledi.<\/p>\n<p style=\"text-align: justify;\">D\u00fc\u015fman \u0130srail&#8217;in gece vakti Hanuk El Kasara b\u00f6lgesindeki Rmei\u015f kasabas\u0131ndan s\u0131zma giri\u015fimi s\u0131ras\u0131nda, L\u00fcbnan direni\u015finin d\u00fc\u015fman askerleri ile kar\u015f\u0131 kar\u015f\u0131ya gelmesi ve \u00e7at\u0131\u015fmalar sabaha kadar devam etmesi, d\u00fc\u015fman kuvvetlerini a\u011f\u0131r kay\u0131plar verdikten sonra geri \u00e7ekilmek zorunda b\u0131rakt\u0131.<\/p>\n<p style=\"text-align: center;\"><strong><a href=\"https:\/\/t.me\/SuriyeArapHaberAjansI\">Telegram Kanal\u0131m\u0131z\u00a0<\/a>||<a href=\"https:\/\/twitter.com\/arap_ajans\">X Platformumuz\u00a0<\/a>||<a href=\"https:\/\/www.facebook.com\/SANAHaberAjansi\/\">Facebook Sayfam\u0131z<\/a><\/strong><\/p>\n","protected":false},"excerpt":{"rendered":"<p>BEYRUT (SANA) \u2013 D\u00fc\u015fman \u0130srail u\u00e7aklar\u0131 bug\u00fcn L\u00fcbnan b\u00f6lgelerine y\u00f6nelik sald\u0131rganl\u0131klar\u0131n\u0131 yenileyerek altyap\u0131 ve yerle\u015fim yerlerini hedef ald\u0131 ve bu sald\u0131rganl\u0131klar \u00e7ok say\u0131da ki\u015finin \u015fehit d\u00fc\u015fmesine ve yaralanmas\u0131na yol a\u00e7t\u0131. L\u00fcbnan Ulusal Haber Ajans\u0131, d\u00fc\u015fman u\u00e7aklar\u0131n\u0131n gece saatlerinde Deyr Keyfa kasabas\u0131, Bazuriyeh, Srifa, Bari\u015f, Kafra ve Yater kasabalar\u0131na hava sald\u0131rganl\u0131\u011f\u0131 d\u00fczenledi\u011fini, bunun sonucunda iki ki\u015finin &hellip;<\/p>\n","protected":false},"author":39,"featured_media":311021,"comment_status":"closed","ping_status":"closed","sticky":false,"template":"","format":"standard","meta":{"footnotes":""},"categories":[458,589,459,17988],"tags":[],"class_list":["post-311020","post","type-post","status-publish","format-standard","has-post-thumbnail","","category-dunya1","category-haber-seridi","category-haberler-arap-uluslararasi-politika","category-son-haberler"],"_links":{"self":[{"href":"https:\/\/archive.sana.sy\/tr\/index.php?rest_route=\/wp\/v2\/posts\/311020","targetHints":{"allow":["GET"]}}],"collection":[{"href":"https:\/\/archive.sana.sy\/tr\/index.php?rest_route=\/wp\/v2\/posts"}],"about":[{"href":"https:\/\/archive.sana.sy\/tr\/index.php?rest_route=\/wp\/v2\/types\/post"}],"author":[{"embeddable":true,"href":"https:\/\/archive.sana.sy\/tr\/index.php?rest_route=\/wp\/v2\/users\/39"}],"replies":[{"embeddable":true,"href":"https:\/\/archive.sana.sy\/tr\/index.php?rest_route=%2Fwp%2Fv2%2Fcomments&post=311020"}],"version-history":[{"count":2,"href":"https:\/\/archive.sana.sy\/tr\/index.php?rest_route=\/wp\/v2\/posts\/311020\/revisions"}],"predecessor-version":[{"id":311023,"href":"https:\/\/archive.sana.sy\/tr\/index.php?rest_route=\/wp\/v2\/posts\/311020\/revisions\/311023"}],"wp:featuredmedia":[{"embeddable":true,"href":"https:\/\/archive.sana.sy\/tr\/index.php?rest_route=\/wp\/v2\/media\/311021"}],"wp:attachment":[{"href":"https:\/\/archive.sana.sy\/tr\/index.php?rest_route=%2Fwp%2Fv2%2Fmedia&parent=311020"}],"wp:term":[{"taxonomy":"category","embeddable":true,"href":"https:\/\/archive.sana.sy\/tr\/index.php?rest_route=%2Fwp%2Fv2%2Fcategories&post=311020"},{"taxonomy":"post_tag","embeddable":true,"href":"https:\/\/archive.sana.sy\/tr\/index.php?rest_route=%2Fwp%2Fv2%2Ftags&post=311020"}],"curies":[{"name":"wp","href":"https:\/\/api.w.org\/{rel}","templated":true}]}}