{"id":311025,"date":"2024-11-05T14:37:59","date_gmt":"2024-11-05T11:37:59","guid":{"rendered":"https:\/\/sana.sy\/tr\/?p=311025"},"modified":"2024-11-05T16:02:25","modified_gmt":"2024-11-05T13:02:25","slug":"suriye-kuveytte-terorle-mucadelede-uluslararasi-isbirliginin-gelistirilmesi-konulu-konferansa-katildi","status":"publish","type":"post","link":"https:\/\/archive.sana.sy\/tr\/?p=311025","title":{"rendered":"Suriye, Kuveyt&#8217;te Ter\u00f6rle M\u00fccadelede Uluslararas\u0131 \u0130\u015fbirli\u011finin Geli\u015ftirilmesi Konulu Konferansa Kat\u0131ld\u0131"},"content":{"rendered":"<div style=\"text-align: justify;\"><strong>KUVEYT (SANA) \u2013<\/strong> Suriye, Kuveyt&#8217;te iki g\u00fcn boyunca d\u00fczenlenen &#8220;Ter\u00f6rizmle m\u00fccadelede uluslararas\u0131 i\u015fbirli\u011finin g\u00fc\u00e7lendirilmesi ve s\u0131n\u0131r g\u00fcvenli\u011fi i\u00e7in esnek mekanizmalar olu\u015fturulmas\u0131 &#8211; Du\u015fanbe operasyonunun Kuveyt a\u015famas\u0131&#8221; konulu \u00fcst d\u00fczey konferansa kat\u0131ld\u0131.<\/div>\n<div style=\"text-align: justify;\"><\/div>\n<div style=\"text-align: justify;\"><img loading=\"lazy\" decoding=\"async\" class=\"size-medium wp-image-311032 alignright\" src=\"http:\/\/sana.sy\/tr\/wp-content\/uploads\/2024\/11\/122-copy-300x126.jpg\" alt=\"\" width=\"300\" height=\"126\" srcset=\"https:\/\/archive.sana.sy\/tr\/wp-content\/uploads\/2024\/11\/122-copy-300x126.jpg 300w, https:\/\/archive.sana.sy\/tr\/wp-content\/uploads\/2024\/11\/122-copy.jpg 660w\" sizes=\"auto, (max-width: 300px) 100vw, 300px\" \/>Konferansta konu\u015fan Suriye heyeti ba\u015fkan\u0131 ve D\u0131\u015fi\u015fleri ve Gurbet\u00e7iler Bakan Yard\u0131mc\u0131s\u0131 B\u00fcy\u00fckel\u00e7i Habib Abbas, bug\u00fcn d\u00fcnyam\u0131z\u0131n kar\u015f\u0131 kar\u015f\u0131ya oldu\u011fu ter\u00f6r ve su\u00e7 faaliyetlerindeki art\u0131\u015f\u0131n, t\u00fcm \u00fclkeler i\u00e7in ortak bir tehdit olu\u015fturdu\u011funu, bunun da s\u0131n\u0131r \u00f6tesi ter\u00f6rizm ve organize su\u00e7larla m\u00fccadelede ortak bir yakla\u015f\u0131m\u0131n olu\u015fturulmas\u0131n\u0131 gerektirdi\u011fini vurgularken, &#8221;Bu, herhangi bir ayr\u0131mc\u0131l\u0131k veya se\u00e7icilik olmaks\u0131z\u0131n, ilgili ulusal, b\u00f6lgesel ve uluslararas\u0131 \u00e7abalar\u0131n ve bu alandaki i\u015fbirli\u011finin g\u00fc\u00e7lendirilmesini i\u00e7ermektedir&#8221; dedi.<\/div>\n<div style=\"text-align: justify;\"><\/div>\n<div style=\"text-align: justify;\">D\u0131\u015fi\u015fleri ve Gurbet\u00e7iler Bakan Yard\u0131mc\u0131s\u0131, Suriye&#8217;nin 2011 y\u0131l\u0131ndan bu yana d\u00fcnyan\u0131n d\u00f6rt bir yan\u0131ndan gelen ter\u00f6rle m\u00fccadele etti\u011fini ve dost \u00fclkelerle i\u015fbirli\u011fi i\u00e7inde ter\u00f6r\u00fcn \u00e7o\u011funu bertaraf etmeyi ba\u015fard\u0131\u011f\u0131n\u0131, hala topraklar\u0131nda kalan ter\u00f6r unsurlar\u0131n\u0131 takip etmeye devam etti\u011fini kaydetti.<\/div>\n<div style=\"text-align: justify;\"><\/div>\n<div style=\"text-align: justify;\">Abbas ayr\u0131ca, Amerikan ve T\u00fcrk kuvvetlerinin ter\u00f6rle m\u00fccadele bahanesiyle kuzey ve do\u011fu Suriye&#8217;de devam eden yasad\u0131\u015f\u0131 ve tamamen gerek\u00e7esiz\u00a0 varl\u0131\u011f\u0131n\u0131n, ter\u00f6rizme yat\u0131r\u0131m yapma ve ter\u00f6rist faaliyetlerin devam\u0131na k\u0131l\u0131f sa\u011flama kapsam\u0131na girdi\u011fini de\u011ferlendirdi.<\/div>\n<div style=\"text-align: justify;\"><\/div>\n<div style=\"text-align: justify;\">Bu ba\u011flamda Abbas, ter\u00f6rle m\u00fccadele \u00e7abalar\u0131n\u0131n ulusal d\u00fczeyde sahiplenilmesinin \u00f6nceli\u011fini vurgulad\u0131 ve herhangi bir \u00fclkenin topraklar\u0131nda ter\u00f6rle m\u00fccadelede \u00f6ncelikli sorumlulu\u011fun \u00f6ncelikle o \u00fclkeye ve resmi makamlar\u0131na ait oldu\u011funun alt\u0131n\u0131 \u00e7izdi.<\/div>\n<div style=\"text-align: justify;\"><\/div>\n<div style=\"text-align: justify;\">Baz\u0131 \u00fclkelerin di\u011fer \u00fclkelere uygulad\u0131\u011f\u0131 tek tarafl\u0131 zorlay\u0131c\u0131 yapt\u0131r\u0131mlar\u0131n bir t\u00fcr ekonomik ter\u00f6rizm ve halklara y\u00f6nelik toplu cezaland\u0131rma arac\u0131 oldu\u011funa dikkat \u00e7eken B\u00fcy\u00fckel\u00e7i Abbas, Suriye&#8217;nin ter\u00f6rle m\u00fccadele alan\u0131nda uluslararas\u0131 i\u015fbirli\u011fine tam ba\u011fl\u0131l\u0131\u011f\u0131n\u0131 ve Birle\u015fmi\u015f Milletler \u015eart\u0131 ilkelerine ve kararlar\u0131na sayg\u0131 temelinde b\u00f6lgesel ve uluslararas\u0131 g\u00fcvenlik ve istikrar\u0131n sa\u011flanmas\u0131 i\u00e7in t\u00fcm uluslararas\u0131 taraflarla i\u015fbirli\u011fi yapmaya haz\u0131r oldu\u011funu yineledi.<\/div>\n<div style=\"text-align: justify;\"><\/div>\n<div style=\"text-align: center;\"><strong><a href=\"https:\/\/t.me\/SuriyeArapHaberAjansI\">Telegram Kanal\u0131m\u0131z\u00a0<\/a>||<a href=\"https:\/\/twitter.com\/arap_ajans\">X Platformumuz\u00a0<\/a>||<a href=\"https:\/\/www.facebook.com\/SANAHaberAjansi\/\">Facebook Sayfam\u0131z<\/a><\/strong><\/div>\n","protected":false},"excerpt":{"rendered":"<p>KUVEYT (SANA) \u2013 Suriye, Kuveyt&#8217;te iki g\u00fcn boyunca d\u00fczenlenen &#8220;Ter\u00f6rizmle m\u00fccadelede uluslararas\u0131 i\u015fbirli\u011finin g\u00fc\u00e7lendirilmesi ve s\u0131n\u0131r g\u00fcvenli\u011fi i\u00e7in esnek mekanizmalar olu\u015fturulmas\u0131 &#8211; Du\u015fanbe operasyonunun Kuveyt a\u015famas\u0131&#8221; konulu \u00fcst d\u00fczey konferansa kat\u0131ld\u0131. Konferansta konu\u015fan Suriye heyeti ba\u015fkan\u0131 ve D\u0131\u015fi\u015fleri ve Gurbet\u00e7iler Bakan Yard\u0131mc\u0131s\u0131 B\u00fcy\u00fckel\u00e7i Habib Abbas, bug\u00fcn d\u00fcnyam\u0131z\u0131n kar\u015f\u0131 kar\u015f\u0131ya oldu\u011fu ter\u00f6r ve su\u00e7 faaliyetlerindeki art\u0131\u015f\u0131n, &hellip;<\/p>\n","protected":false},"author":39,"featured_media":311026,"comment_status":"closed","ping_status":"closed","sticky":false,"template":"","format":"standard","meta":{"footnotes":""},"categories":[458,589,459,17988],"tags":[],"class_list":["post-311025","post","type-post","status-publish","format-standard","has-post-thumbnail","","category-dunya1","category-haber-seridi","category-haberler-arap-uluslararasi-politika","category-son-haberler"],"_links":{"self":[{"href":"https:\/\/archive.sana.sy\/tr\/index.php?rest_route=\/wp\/v2\/posts\/311025","targetHints":{"allow":["GET"]}}],"collection":[{"href":"https:\/\/archive.sana.sy\/tr\/index.php?rest_route=\/wp\/v2\/posts"}],"about":[{"href":"https:\/\/archive.sana.sy\/tr\/index.php?rest_route=\/wp\/v2\/types\/post"}],"author":[{"embeddable":true,"href":"https:\/\/archive.sana.sy\/tr\/index.php?rest_route=\/wp\/v2\/users\/39"}],"replies":[{"embeddable":true,"href":"https:\/\/archive.sana.sy\/tr\/index.php?rest_route=%2Fwp%2Fv2%2Fcomments&post=311025"}],"version-history":[{"count":3,"href":"https:\/\/archive.sana.sy\/tr\/index.php?rest_route=\/wp\/v2\/posts\/311025\/revisions"}],"predecessor-version":[{"id":311033,"href":"https:\/\/archive.sana.sy\/tr\/index.php?rest_route=\/wp\/v2\/posts\/311025\/revisions\/311033"}],"wp:featuredmedia":[{"embeddable":true,"href":"https:\/\/archive.sana.sy\/tr\/index.php?rest_route=\/wp\/v2\/media\/311026"}],"wp:attachment":[{"href":"https:\/\/archive.sana.sy\/tr\/index.php?rest_route=%2Fwp%2Fv2%2Fmedia&parent=311025"}],"wp:term":[{"taxonomy":"category","embeddable":true,"href":"https:\/\/archive.sana.sy\/tr\/index.php?rest_route=%2Fwp%2Fv2%2Fcategories&post=311025"},{"taxonomy":"post_tag","embeddable":true,"href":"https:\/\/archive.sana.sy\/tr\/index.php?rest_route=%2Fwp%2Fv2%2Ftags&post=311025"}],"curies":[{"name":"wp","href":"https:\/\/api.w.org\/{rel}","templated":true}]}}