{"id":311028,"date":"2024-11-05T12:34:16","date_gmt":"2024-11-05T09:34:16","guid":{"rendered":"https:\/\/sana.sy\/tr\/?p=311028"},"modified":"2024-11-05T17:08:57","modified_gmt":"2024-11-05T14:08:57","slug":"putin-ortadogudaki-catismanin-cozumu-bagimsiz-bir-filistin-devletinin-kurulmasini-gerektiriyor","status":"publish","type":"post","link":"https:\/\/archive.sana.sy\/tr\/?p=311028","title":{"rendered":"Putin: Ortado\u011fu&#8217;daki \u00c7at\u0131\u015fman\u0131n \u00c7\u00f6z\u00fcm\u00fc Ba\u011f\u0131ms\u0131z Bir Filistin Devletinin Kurulmas\u0131n\u0131 Gerektiriyor"},"content":{"rendered":"<p style=\"text-align: justify;\"><strong>MOSKOVA (SANA)<\/strong> &#8211; \u00a0Rusya Devlet Ba\u015fkan\u0131 Vladimir Putin, \u00fclkesinin Orta Do\u011fu&#8217;daki \u00e7at\u0131\u015fman\u0131n b\u00fcy\u00fck bir sava\u015fa d\u00f6n\u00fc\u015fmesini \u00f6nlemek i\u00e7in etkili \u00e7aba sarf etti\u011fini bug\u00fcn do\u011frulad\u0131.<\/p>\n<p style=\"text-align: justify;\">Novosti, Putin&#8217;in Moskova&#8217;daki 28 b\u00fcy\u00fckel\u00e7inin itimatnamelerini kabul ederken \u015funlar\u0131 s\u00f6yledi\u011fini aktard\u0131: \u00a0&#8220;Ortado\u011fu&#8217;da s\u00fcrd\u00fcr\u00fclebilir ve uzun vadeli bir \u00e7\u00f6z\u00fcm\u00fcn ancak genel olarak kabul g\u00f6rm\u00fc\u015f uluslararas\u0131 yasal bir temel \u00fczerinde sa\u011flanabilece\u011fine inan\u0131yoruz.&#8221;<\/p>\n<p style=\"text-align: justify;\">B\u00f6lgede bar\u0131\u015f\u0131n yeniden tesis edilmesinin temel \u015fart\u0131n\u0131n, Birle\u015fmi\u015f Milletler Genel Kurulu kararlar\u0131yla onaylanan bir Filistin devletinin kurulmas\u0131 olaca\u011f\u0131n\u0131 vurgulad\u0131.<\/p>\n<p style=\"text-align: center;\"><strong><a href=\"https:\/\/t.me\/SuriyeArapHaberAjansI\">Telegram Kanal\u0131m\u0131z\u00a0<\/a>||<a href=\"https:\/\/twitter.com\/arap_ajans\">X Platformumuz\u00a0<\/a>||<a href=\"https:\/\/www.facebook.com\/SANAHaberAjansi\/\">Facebook Sayfam\u0131z<\/a><\/strong><\/p>\n","protected":false},"excerpt":{"rendered":"<p>MOSKOVA (SANA) &#8211; \u00a0Rusya Devlet Ba\u015fkan\u0131 Vladimir Putin, \u00fclkesinin Orta Do\u011fu&#8217;daki \u00e7at\u0131\u015fman\u0131n b\u00fcy\u00fck bir sava\u015fa d\u00f6n\u00fc\u015fmesini \u00f6nlemek i\u00e7in etkili \u00e7aba sarf etti\u011fini bug\u00fcn do\u011frulad\u0131. Novosti, Putin&#8217;in Moskova&#8217;daki 28 b\u00fcy\u00fckel\u00e7inin itimatnamelerini kabul ederken \u015funlar\u0131 s\u00f6yledi\u011fini aktard\u0131: \u00a0&#8220;Ortado\u011fu&#8217;da s\u00fcrd\u00fcr\u00fclebilir ve uzun vadeli bir \u00e7\u00f6z\u00fcm\u00fcn ancak genel olarak kabul g\u00f6rm\u00fc\u015f uluslararas\u0131 yasal bir temel \u00fczerinde sa\u011flanabilece\u011fine inan\u0131yoruz.&#8221; B\u00f6lgede &hellip;<\/p>\n","protected":false},"author":41,"featured_media":311029,"comment_status":"closed","ping_status":"closed","sticky":false,"template":"","format":"standard","meta":{"footnotes":""},"categories":[458,589,459,17988],"tags":[],"class_list":["post-311028","post","type-post","status-publish","format-standard","has-post-thumbnail","","category-dunya1","category-haber-seridi","category-haberler-arap-uluslararasi-politika","category-son-haberler"],"_links":{"self":[{"href":"https:\/\/archive.sana.sy\/tr\/index.php?rest_route=\/wp\/v2\/posts\/311028","targetHints":{"allow":["GET"]}}],"collection":[{"href":"https:\/\/archive.sana.sy\/tr\/index.php?rest_route=\/wp\/v2\/posts"}],"about":[{"href":"https:\/\/archive.sana.sy\/tr\/index.php?rest_route=\/wp\/v2\/types\/post"}],"author":[{"embeddable":true,"href":"https:\/\/archive.sana.sy\/tr\/index.php?rest_route=\/wp\/v2\/users\/41"}],"replies":[{"embeddable":true,"href":"https:\/\/archive.sana.sy\/tr\/index.php?rest_route=%2Fwp%2Fv2%2Fcomments&post=311028"}],"version-history":[{"count":1,"href":"https:\/\/archive.sana.sy\/tr\/index.php?rest_route=\/wp\/v2\/posts\/311028\/revisions"}],"predecessor-version":[{"id":311030,"href":"https:\/\/archive.sana.sy\/tr\/index.php?rest_route=\/wp\/v2\/posts\/311028\/revisions\/311030"}],"wp:featuredmedia":[{"embeddable":true,"href":"https:\/\/archive.sana.sy\/tr\/index.php?rest_route=\/wp\/v2\/media\/311029"}],"wp:attachment":[{"href":"https:\/\/archive.sana.sy\/tr\/index.php?rest_route=%2Fwp%2Fv2%2Fmedia&parent=311028"}],"wp:term":[{"taxonomy":"category","embeddable":true,"href":"https:\/\/archive.sana.sy\/tr\/index.php?rest_route=%2Fwp%2Fv2%2Fcategories&post=311028"},{"taxonomy":"post_tag","embeddable":true,"href":"https:\/\/archive.sana.sy\/tr\/index.php?rest_route=%2Fwp%2Fv2%2Ftags&post=311028"}],"curies":[{"name":"wp","href":"https:\/\/api.w.org\/{rel}","templated":true}]}}