{"id":311034,"date":"2024-11-05T08:00:21","date_gmt":"2024-11-05T05:00:21","guid":{"rendered":"https:\/\/sana.sy\/tr\/?p=311034"},"modified":"2024-11-05T16:05:55","modified_gmt":"2024-11-05T13:05:55","slug":"irakci-iranin-kendini-savunma-hakki-vardir","status":"publish","type":"post","link":"https:\/\/archive.sana.sy\/tr\/?p=311034","title":{"rendered":"Irak\u00e7i: \u0130ran&#8217;\u0131n Kendini Savunma Hakk\u0131 Vard\u0131r"},"content":{"rendered":"<p style=\"text-align: justify;\"><strong>TAHRAN (SANA)<\/strong> &#8211; \u0130ran D\u0131\u015fi\u015fleri Bakan\u0131 Abbas Irak\u00e7i, \u00fclkesinin b\u00f6lgede gerginlik yaratma pe\u015finde olmad\u0131\u011f\u0131n\u0131 ve Birle\u015fmi\u015f Milletler T\u00fcz\u00fc\u011f\u00fc ilkelerine uygun olarak kendisini savunma hakk\u0131na sahip oldu\u011funu vurgulad\u0131.<\/p>\n<p style=\"text-align: justify;\">\u0130ran haber ajans\u0131 IRNA, Irak\u00e7i&#8217;nin bug\u00fcn Pakistanl\u0131 mevkida\u015f\u0131 Muhammed I\u015fag Dar ile \u0130slamabad&#8217;da d\u00fczenledi\u011fi ortak bas\u0131n toplant\u0131s\u0131nda &#8220;Gazze ve L\u00fcbnan&#8217;daki Siyonistlerin barbar do\u011fas\u0131, sald\u0131r\u0131lar\u0131n ve pervas\u0131z sald\u0131r\u0131lar\u0131n artmas\u0131yla daha da belirgin hale geldi&#8221; diyerek, \u0130ran&#8217;\u0131n, Siyonist olu\u015fumun kendisine y\u00f6nelik her t\u00fcrl\u00fc sald\u0131r\u0131s\u0131na, kendi belirleyece\u011fi zaman ve duruma g\u00f6re kar\u015f\u0131l\u0131k vermeye haz\u0131r oldu\u011funu vurgulad\u0131.<\/p>\n<p style=\"text-align: center;\"><strong><a href=\"https:\/\/t.me\/SuriyeArapHaberAjansI\">Telegram Kanal\u0131m\u0131z\u00a0<\/a>||<a href=\"https:\/\/twitter.com\/arap_ajans\">X Platformumuz\u00a0<\/a>||<a href=\"https:\/\/www.facebook.com\/SANAHaberAjansi\/\">Facebook Sayfam\u0131z<\/a><\/strong><\/p>\n","protected":false},"excerpt":{"rendered":"<p>TAHRAN (SANA) &#8211; \u0130ran D\u0131\u015fi\u015fleri Bakan\u0131 Abbas Irak\u00e7i, \u00fclkesinin b\u00f6lgede gerginlik yaratma pe\u015finde olmad\u0131\u011f\u0131n\u0131 ve Birle\u015fmi\u015f Milletler T\u00fcz\u00fc\u011f\u00fc ilkelerine uygun olarak kendisini savunma hakk\u0131na sahip oldu\u011funu vurgulad\u0131. \u0130ran haber ajans\u0131 IRNA, Irak\u00e7i&#8217;nin bug\u00fcn Pakistanl\u0131 mevkida\u015f\u0131 Muhammed I\u015fag Dar ile \u0130slamabad&#8217;da d\u00fczenledi\u011fi ortak bas\u0131n toplant\u0131s\u0131nda &#8220;Gazze ve L\u00fcbnan&#8217;daki Siyonistlerin barbar do\u011fas\u0131, sald\u0131r\u0131lar\u0131n ve pervas\u0131z sald\u0131r\u0131lar\u0131n artmas\u0131yla &hellip;<\/p>\n","protected":false},"author":39,"featured_media":311035,"comment_status":"closed","ping_status":"closed","sticky":false,"template":"","format":"standard","meta":{"footnotes":""},"categories":[458,589,459,17988],"tags":[42827],"class_list":["post-311034","post","type-post","status-publish","format-standard","has-post-thumbnail","","category-dunya1","category-haber-seridi","category-haberler-arap-uluslararasi-politika","category-son-haberler","tag-irakci-iranin-kendini-savunma-hakki-vardir"],"_links":{"self":[{"href":"https:\/\/archive.sana.sy\/tr\/index.php?rest_route=\/wp\/v2\/posts\/311034","targetHints":{"allow":["GET"]}}],"collection":[{"href":"https:\/\/archive.sana.sy\/tr\/index.php?rest_route=\/wp\/v2\/posts"}],"about":[{"href":"https:\/\/archive.sana.sy\/tr\/index.php?rest_route=\/wp\/v2\/types\/post"}],"author":[{"embeddable":true,"href":"https:\/\/archive.sana.sy\/tr\/index.php?rest_route=\/wp\/v2\/users\/39"}],"replies":[{"embeddable":true,"href":"https:\/\/archive.sana.sy\/tr\/index.php?rest_route=%2Fwp%2Fv2%2Fcomments&post=311034"}],"version-history":[{"count":1,"href":"https:\/\/archive.sana.sy\/tr\/index.php?rest_route=\/wp\/v2\/posts\/311034\/revisions"}],"predecessor-version":[{"id":311036,"href":"https:\/\/archive.sana.sy\/tr\/index.php?rest_route=\/wp\/v2\/posts\/311034\/revisions\/311036"}],"wp:featuredmedia":[{"embeddable":true,"href":"https:\/\/archive.sana.sy\/tr\/index.php?rest_route=\/wp\/v2\/media\/311035"}],"wp:attachment":[{"href":"https:\/\/archive.sana.sy\/tr\/index.php?rest_route=%2Fwp%2Fv2%2Fmedia&parent=311034"}],"wp:term":[{"taxonomy":"category","embeddable":true,"href":"https:\/\/archive.sana.sy\/tr\/index.php?rest_route=%2Fwp%2Fv2%2Fcategories&post=311034"},{"taxonomy":"post_tag","embeddable":true,"href":"https:\/\/archive.sana.sy\/tr\/index.php?rest_route=%2Fwp%2Fv2%2Ftags&post=311034"}],"curies":[{"name":"wp","href":"https:\/\/api.w.org\/{rel}","templated":true}]}}