{"id":311037,"date":"2024-11-05T11:10:35","date_gmt":"2024-11-05T08:10:35","guid":{"rendered":"https:\/\/sana.sy\/tr\/?p=311037"},"modified":"2024-11-05T17:03:10","modified_gmt":"2024-11-05T14:03:10","slug":"lavrov-rusya-abd-ile-esit-diyalog-kurmaya-hazirdir","status":"publish","type":"post","link":"https:\/\/archive.sana.sy\/tr\/?p=311037","title":{"rendered":"Lavrov: Rusya, ABD \u0130le E\u015fit Diyalog Kurmaya Haz\u0131rd\u0131r"},"content":{"rendered":"<p style=\"text-align: justify;\"><strong>MOSKOVA (SANA)<\/strong> &#8211;\u00a0 Rusya D\u0131\u015fi\u015fleri Bakan\u0131 Sergey Lavrov, Va\u015fington&#8217;un Rusya&#8217;n\u0131n ulusal \u00e7\u0131karlar\u0131n\u0131n tan\u0131nmas\u0131 temelinde adil m\u00fczakere yapma niyetinin ciddiyetini g\u00f6stermesi halinde Rusya&#8217;n\u0131n ABD ile e\u015fit diyalog kurmaya haz\u0131r oldu\u011funu vurgulad\u0131.<\/p>\n<p style=\"text-align: justify;\">Lavrov, Amerika se\u00e7imleri ba\u011flam\u0131nda iki \u00fclke aras\u0131ndaki ili\u015fkilerin gelece\u011fine ili\u015fkin bir soruya yan\u0131t olarak \u015funu ekledi: &#8220;Amerikan siyasetindeki Rusya kar\u015f\u0131t\u0131 ve Rusya kar\u015f\u0131t\u0131 e\u011filim, partizan nitelikte bir i\u00e7 siyasi uzla\u015fmaya odaklan\u0131yor ve Ukrayna, Rusya&#8217;ya kar\u015f\u0131 ba\u015flat\u0131lan hibrit sava\u015f\u0131n kilit unsuru olarak g\u00f6r\u00fcl\u00fcyor.&#8221;<\/p>\n<p style=\"text-align: justify;\">&#8220;Se\u00e7im tart\u0131\u015fmalar\u0131n\u0131n ortas\u0131nda, Amerika se\u00e7imlerinde iki aday\u0131n s\u00f6ylediklerini ciddiye almaya gerek yok&#8221; \u00a0diyen Bakan Lavrov, \u2018\u2019ABD ile diplomatik temaslar kurulmal\u0131. \u00c7\u00fcnk\u00fc Moskova ve Washington, en b\u00fcy\u00fck iki n\u00fckleer g\u00fc\u00e7 olarak, diplomatik temaslar\u0131n ve b\u00fcy\u00fckel\u00e7iliklerin \u00e7al\u0131\u015fmalar\u0131n\u0131n gereklili\u011fini \u00f6nceden belirleme konusunda \u00f6zel bir sorumluluk ta\u015f\u0131yor\u2019\u2019 ifadelerini kulland\u0131.<\/p>\n","protected":false},"excerpt":{"rendered":"<p>MOSKOVA (SANA) &#8211;\u00a0 Rusya D\u0131\u015fi\u015fleri Bakan\u0131 Sergey Lavrov, Va\u015fington&#8217;un Rusya&#8217;n\u0131n ulusal \u00e7\u0131karlar\u0131n\u0131n tan\u0131nmas\u0131 temelinde adil m\u00fczakere yapma niyetinin ciddiyetini g\u00f6stermesi halinde Rusya&#8217;n\u0131n ABD ile e\u015fit diyalog kurmaya haz\u0131r oldu\u011funu vurgulad\u0131. Lavrov, Amerika se\u00e7imleri ba\u011flam\u0131nda iki \u00fclke aras\u0131ndaki ili\u015fkilerin gelece\u011fine ili\u015fkin bir soruya yan\u0131t olarak \u015funu ekledi: &#8220;Amerikan siyasetindeki Rusya kar\u015f\u0131t\u0131 ve Rusya kar\u015f\u0131t\u0131 e\u011filim, partizan &hellip;<\/p>\n","protected":false},"author":41,"featured_media":311038,"comment_status":"closed","ping_status":"closed","sticky":false,"template":"","format":"standard","meta":{"footnotes":""},"categories":[458,589,459,17988],"tags":[42828,40960],"class_list":["post-311037","post","type-post","status-publish","format-standard","has-post-thumbnail","","category-dunya1","category-haber-seridi","category-haberler-arap-uluslararasi-politika","category-son-haberler","tag-abd-ile-esit-diyalog-kurmaya-hazirdir","tag-lavrov-rusya"],"_links":{"self":[{"href":"https:\/\/archive.sana.sy\/tr\/index.php?rest_route=\/wp\/v2\/posts\/311037","targetHints":{"allow":["GET"]}}],"collection":[{"href":"https:\/\/archive.sana.sy\/tr\/index.php?rest_route=\/wp\/v2\/posts"}],"about":[{"href":"https:\/\/archive.sana.sy\/tr\/index.php?rest_route=\/wp\/v2\/types\/post"}],"author":[{"embeddable":true,"href":"https:\/\/archive.sana.sy\/tr\/index.php?rest_route=\/wp\/v2\/users\/41"}],"replies":[{"embeddable":true,"href":"https:\/\/archive.sana.sy\/tr\/index.php?rest_route=%2Fwp%2Fv2%2Fcomments&post=311037"}],"version-history":[{"count":2,"href":"https:\/\/archive.sana.sy\/tr\/index.php?rest_route=\/wp\/v2\/posts\/311037\/revisions"}],"predecessor-version":[{"id":311041,"href":"https:\/\/archive.sana.sy\/tr\/index.php?rest_route=\/wp\/v2\/posts\/311037\/revisions\/311041"}],"wp:featuredmedia":[{"embeddable":true,"href":"https:\/\/archive.sana.sy\/tr\/index.php?rest_route=\/wp\/v2\/media\/311038"}],"wp:attachment":[{"href":"https:\/\/archive.sana.sy\/tr\/index.php?rest_route=%2Fwp%2Fv2%2Fmedia&parent=311037"}],"wp:term":[{"taxonomy":"category","embeddable":true,"href":"https:\/\/archive.sana.sy\/tr\/index.php?rest_route=%2Fwp%2Fv2%2Fcategories&post=311037"},{"taxonomy":"post_tag","embeddable":true,"href":"https:\/\/archive.sana.sy\/tr\/index.php?rest_route=%2Fwp%2Fv2%2Ftags&post=311037"}],"curies":[{"name":"wp","href":"https:\/\/api.w.org\/{rel}","templated":true}]}}