{"id":311042,"date":"2024-11-05T14:00:08","date_gmt":"2024-11-05T11:00:08","guid":{"rendered":"https:\/\/sana.sy\/tr\/?p=311042"},"modified":"2024-11-05T17:50:12","modified_gmt":"2024-11-05T14:50:12","slug":"turkiyede-tupras-petrol-rafinerisinde-patlama","status":"publish","type":"post","link":"https:\/\/archive.sana.sy\/tr\/?p=311042","title":{"rendered":"T\u00fcrkiye&#8217;de T\u00dcPRA\u015e Petrol Rafinerisinde Patlama"},"content":{"rendered":"<p style=\"text-align: justify;\"><strong>ANKARA (SANA) &#8211;<\/strong> \u00a0\u0130zmit&#8217;teki T\u00dcPRA\u015e petrol rafinerisinde Sal\u0131 g\u00fcn\u00fc patlama meydana geldi.<\/p>\n<p style=\"text-align: justify;\">Yerel T\u00fcrk bas\u0131n\u0131nda yer alan haberlere g\u00f6re, patlama bir\u00e7ok b\u00f6lgede sars\u0131nt\u0131ya yol a\u00e7arken, patlaman\u0131n ard\u0131ndan b\u00f6lgeden dumanlar\u0131n y\u00fckseldi\u011fi g\u00f6r\u00fcld\u00fc.<\/p>\n<p style=\"text-align: justify;\">Kocaeli B\u00fcy\u00fck\u015fehir Belediye Ba\u015fkan\u0131 Tahir B\u00fcy\u00fckak\u0131n ise \u015funlar\u0131 s\u00f6yledi: &#8220;E\u011fitim s\u0131ras\u0131nda patlama meydana geldi, herhangi bir yaralanma ve \u00f6l\u00fcm ya\u015fanmad\u0131. Yang\u0131n k\u0131sa s\u00fcrede kontrol alt\u0131na al\u0131nd\u0131.&#8221;<\/p>\n<p style=\"text-align: justify;\">Patlama, \u00f6\u011fle saatlerinde T\u00fcrkiye Petrol Rafinerileri A.\u015e.&#8217;nin (T\u00dcPRA\u015e) \u0130zmit&#8217;teki tesislerinde meydana geldi. Patlaman\u0131n ard\u0131ndan tesisten dumanlar y\u00fckselirken siren sesleri b\u00f6lgede yank\u0131lanmaya ba\u015flad\u0131.<\/p>\n<div id='gallery-1' class='gallery galleryid-311042 gallery-columns-2 gallery-size-thumbnail'><figure class='gallery-item'>\n\t\t\t<div class='gallery-icon portrait'>\n\t\t\t\t<a href='https:\/\/archive.sana.sy\/tr\/?attachment_id=311045'><img loading=\"lazy\" decoding=\"async\" width=\"150\" height=\"150\" src=\"https:\/\/archive.sana.sy\/tr\/wp-content\/uploads\/2024\/11\/photo_2024-11-05_16-52-43-2-150x150.jpg\" class=\"attachment-thumbnail size-thumbnail\" alt=\"\" \/><\/a>\n\t\t\t<\/div><\/figure><figure class='gallery-item'>\n\t\t\t<div class='gallery-icon portrait'>\n\t\t\t\t<a href='https:\/\/archive.sana.sy\/tr\/?attachment_id=311046'><img loading=\"lazy\" decoding=\"async\" width=\"150\" height=\"150\" src=\"https:\/\/archive.sana.sy\/tr\/wp-content\/uploads\/2024\/11\/photo_2024-11-05_16-52-43-1-150x150.jpg\" class=\"attachment-thumbnail size-thumbnail\" alt=\"\" \/><\/a>\n\t\t\t<\/div><\/figure>\n\t\t<\/div>\n\n<p style=\"text-align: center;\"><strong><a href=\"https:\/\/t.me\/SuriyeArapHaberAjansI\">Telegram Kanal\u0131m\u0131z\u00a0<\/a>||<a href=\"https:\/\/twitter.com\/arap_ajans\">X Platformumuz\u00a0<\/a>||<a href=\"https:\/\/www.facebook.com\/SANAHaberAjansi\/\">Facebook Sayfam\u0131z<\/a><\/strong><\/p>\n","protected":false},"excerpt":{"rendered":"<p>ANKARA (SANA) &#8211; \u00a0\u0130zmit&#8217;teki T\u00dcPRA\u015e petrol rafinerisinde Sal\u0131 g\u00fcn\u00fc patlama meydana geldi. Yerel T\u00fcrk bas\u0131n\u0131nda yer alan haberlere g\u00f6re, patlama bir\u00e7ok b\u00f6lgede sars\u0131nt\u0131ya yol a\u00e7arken, patlaman\u0131n ard\u0131ndan b\u00f6lgeden dumanlar\u0131n y\u00fckseldi\u011fi g\u00f6r\u00fcld\u00fc. Kocaeli B\u00fcy\u00fck\u015fehir Belediye Ba\u015fkan\u0131 Tahir B\u00fcy\u00fckak\u0131n ise \u015funlar\u0131 s\u00f6yledi: &#8220;E\u011fitim s\u0131ras\u0131nda patlama meydana geldi, herhangi bir yaralanma ve \u00f6l\u00fcm ya\u015fanmad\u0131. Yang\u0131n k\u0131sa s\u00fcrede kontrol &hellip;<\/p>\n","protected":false},"author":41,"featured_media":311043,"comment_status":"closed","ping_status":"closed","sticky":false,"template":"","format":"standard","meta":{"footnotes":""},"categories":[458,589,459,17988],"tags":[42829],"class_list":["post-311042","post","type-post","status-publish","format-standard","has-post-thumbnail","","category-dunya1","category-haber-seridi","category-haberler-arap-uluslararasi-politika","category-son-haberler","tag-turkiyede-tupras-petrol-rafinerisinde-patlama"],"_links":{"self":[{"href":"https:\/\/archive.sana.sy\/tr\/index.php?rest_route=\/wp\/v2\/posts\/311042","targetHints":{"allow":["GET"]}}],"collection":[{"href":"https:\/\/archive.sana.sy\/tr\/index.php?rest_route=\/wp\/v2\/posts"}],"about":[{"href":"https:\/\/archive.sana.sy\/tr\/index.php?rest_route=\/wp\/v2\/types\/post"}],"author":[{"embeddable":true,"href":"https:\/\/archive.sana.sy\/tr\/index.php?rest_route=\/wp\/v2\/users\/41"}],"replies":[{"embeddable":true,"href":"https:\/\/archive.sana.sy\/tr\/index.php?rest_route=%2Fwp%2Fv2%2Fcomments&post=311042"}],"version-history":[{"count":1,"href":"https:\/\/archive.sana.sy\/tr\/index.php?rest_route=\/wp\/v2\/posts\/311042\/revisions"}],"predecessor-version":[{"id":311047,"href":"https:\/\/archive.sana.sy\/tr\/index.php?rest_route=\/wp\/v2\/posts\/311042\/revisions\/311047"}],"wp:featuredmedia":[{"embeddable":true,"href":"https:\/\/archive.sana.sy\/tr\/index.php?rest_route=\/wp\/v2\/media\/311043"}],"wp:attachment":[{"href":"https:\/\/archive.sana.sy\/tr\/index.php?rest_route=%2Fwp%2Fv2%2Fmedia&parent=311042"}],"wp:term":[{"taxonomy":"category","embeddable":true,"href":"https:\/\/archive.sana.sy\/tr\/index.php?rest_route=%2Fwp%2Fv2%2Fcategories&post=311042"},{"taxonomy":"post_tag","embeddable":true,"href":"https:\/\/archive.sana.sy\/tr\/index.php?rest_route=%2Fwp%2Fv2%2Ftags&post=311042"}],"curies":[{"name":"wp","href":"https:\/\/api.w.org\/{rel}","templated":true}]}}