{"id":311048,"date":"2024-11-05T18:08:02","date_gmt":"2024-11-05T15:08:02","guid":{"rendered":"https:\/\/sana.sy\/tr\/?p=311048"},"modified":"2024-11-06T15:30:05","modified_gmt":"2024-11-06T12:30:05","slug":"gazze-seridinde-devam-eden-soykirim-savasinin-396nci-gununde-17-sehit-86-yarali","status":"publish","type":"post","link":"https:\/\/archive.sana.sy\/tr\/?p=311048","title":{"rendered":"Gazze \u015eeridi&#8217;nde Devam Eden Soyk\u0131r\u0131m Sava\u015f\u0131n\u0131n 396&#8217;nc\u0131 G\u00fcn\u00fcnde 17 \u015eehit, 86 Yaral\u0131"},"content":{"rendered":"<p style=\"text-align: justify;\"><strong>\u0130\u015eGAL ED\u0130LEN KUD\u00dcS (SANA) &#8211;<\/strong>\u00a0 Filistin Sa\u011fl\u0131k Bakanl\u0131\u011f\u0131, i\u015fgalci \u0130srail\u2019in son 24 saat i\u00e7inde Gazze \u015eeridi&#8217;nde ailelere y\u00f6nelik 3 katliam yapt\u0131\u011f\u0131n\u0131, bunlar\u0131n 17&#8217;sinin \u015fehit, 86&#8217;s\u0131n\u0131n yaral\u0131 olarak hastanelere ula\u015ft\u0131\u011f\u0131n\u0131 duyurdu.<\/p>\n<p style=\"text-align: justify;\">Bakanl\u0131k bug\u00fcn yapt\u0131\u011f\u0131 a\u00e7\u0131klamada \u015funlar\u0131 a\u00e7\u0131klad\u0131: \u2018\u2019\u0130srail&#8217;in zarar g\u00f6ren b\u00f6lgeye y\u00f6nelik devam eden sald\u0131rganl\u0131\u011f\u0131n\u0131n 396&#8217;nc\u0131 g\u00fcn\u00fcnde de ma\u011fdur say\u0131s\u0131 43 bin 391 \u015fehit ve 102 bin 347 yaral\u0131ya y\u00fckseldi. Bu arada \u00e7ok say\u0131da ma\u011fdur h\u00e2l\u00e2 moloz alt\u0131nda ve yollarda, ambulans ve sivil savunma ekipleri ise onlara ula\u015fam\u0131yor.\u2019\u2019<\/p>\n<p style=\"text-align: center;\"><strong><a href=\"https:\/\/t.me\/SuriyeArapHaberAjansI\">Telegram Kanal\u0131m\u0131z\u00a0<\/a>||<a href=\"https:\/\/twitter.com\/arap_ajans\">X Platformumuz\u00a0<\/a>||<a href=\"https:\/\/www.facebook.com\/SANAHaberAjansi\/\">Facebook Sayfam\u0131z<\/a><\/strong><\/p>\n","protected":false},"excerpt":{"rendered":"<p>\u0130\u015eGAL ED\u0130LEN KUD\u00dcS (SANA) &#8211;\u00a0 Filistin Sa\u011fl\u0131k Bakanl\u0131\u011f\u0131, i\u015fgalci \u0130srail\u2019in son 24 saat i\u00e7inde Gazze \u015eeridi&#8217;nde ailelere y\u00f6nelik 3 katliam yapt\u0131\u011f\u0131n\u0131, bunlar\u0131n 17&#8217;sinin \u015fehit, 86&#8217;s\u0131n\u0131n yaral\u0131 olarak hastanelere ula\u015ft\u0131\u011f\u0131n\u0131 duyurdu. Bakanl\u0131k bug\u00fcn yapt\u0131\u011f\u0131 a\u00e7\u0131klamada \u015funlar\u0131 a\u00e7\u0131klad\u0131: \u2018\u2019\u0130srail&#8217;in zarar g\u00f6ren b\u00f6lgeye y\u00f6nelik devam eden sald\u0131rganl\u0131\u011f\u0131n\u0131n 396&#8217;nc\u0131 g\u00fcn\u00fcnde de ma\u011fdur say\u0131s\u0131 43 bin 391 \u015fehit ve 102 &hellip;<\/p>\n","protected":false},"author":41,"featured_media":311049,"comment_status":"closed","ping_status":"closed","sticky":false,"template":"","format":"standard","meta":{"footnotes":""},"categories":[458,589,459,17988],"tags":[42831,42830],"class_list":["post-311048","post","type-post","status-publish","format-standard","has-post-thumbnail","","category-dunya1","category-haber-seridi","category-haberler-arap-uluslararasi-politika","category-son-haberler","tag-86-yarali","tag-gazze-seridinde-devam-eden-soykirim-savasinin-396nci-gununde-17-sehit"],"_links":{"self":[{"href":"https:\/\/archive.sana.sy\/tr\/index.php?rest_route=\/wp\/v2\/posts\/311048","targetHints":{"allow":["GET"]}}],"collection":[{"href":"https:\/\/archive.sana.sy\/tr\/index.php?rest_route=\/wp\/v2\/posts"}],"about":[{"href":"https:\/\/archive.sana.sy\/tr\/index.php?rest_route=\/wp\/v2\/types\/post"}],"author":[{"embeddable":true,"href":"https:\/\/archive.sana.sy\/tr\/index.php?rest_route=\/wp\/v2\/users\/41"}],"replies":[{"embeddable":true,"href":"https:\/\/archive.sana.sy\/tr\/index.php?rest_route=%2Fwp%2Fv2%2Fcomments&post=311048"}],"version-history":[{"count":1,"href":"https:\/\/archive.sana.sy\/tr\/index.php?rest_route=\/wp\/v2\/posts\/311048\/revisions"}],"predecessor-version":[{"id":311050,"href":"https:\/\/archive.sana.sy\/tr\/index.php?rest_route=\/wp\/v2\/posts\/311048\/revisions\/311050"}],"wp:featuredmedia":[{"embeddable":true,"href":"https:\/\/archive.sana.sy\/tr\/index.php?rest_route=\/wp\/v2\/media\/311049"}],"wp:attachment":[{"href":"https:\/\/archive.sana.sy\/tr\/index.php?rest_route=%2Fwp%2Fv2%2Fmedia&parent=311048"}],"wp:term":[{"taxonomy":"category","embeddable":true,"href":"https:\/\/archive.sana.sy\/tr\/index.php?rest_route=%2Fwp%2Fv2%2Fcategories&post=311048"},{"taxonomy":"post_tag","embeddable":true,"href":"https:\/\/archive.sana.sy\/tr\/index.php?rest_route=%2Fwp%2Fv2%2Ftags&post=311048"}],"curies":[{"name":"wp","href":"https:\/\/api.w.org\/{rel}","templated":true}]}}