{"id":311051,"date":"2024-11-06T10:19:23","date_gmt":"2024-11-06T07:19:23","guid":{"rendered":"https:\/\/sana.sy\/tr\/?p=311051"},"modified":"2024-11-06T15:07:04","modified_gmt":"2024-11-06T12:07:04","slug":"israil-dusman-ucaklarinin-lubnanin-bazi-bolgelerinde-gerceklestirdigi-katliamlar-sonucu-onlarca-sehit-ve-yarali-var","status":"publish","type":"post","link":"https:\/\/archive.sana.sy\/tr\/?p=311051","title":{"rendered":"\u0130srail D\u00fc\u015fman U\u00e7aklar\u0131n\u0131n L\u00fcbnan&#8217;\u0131n Baz\u0131 B\u00f6lgelerinde Ger\u00e7ekle\u015ftirdi\u011fi Katliamlar Sonucu Onlarca \u015eehit ve Yaral\u0131"},"content":{"rendered":"<p style=\"text-align: justify;\"><strong>BEYRUT (SANA) &#8211; <\/strong>D\u00fcn gece \u0130srail d\u00fc\u015fman\u0131, L\u00fcbnan topraklar\u0131ndaki bir\u00e7ok b\u00f6lgeyi bask\u0131nlar\u0131yla hedef alarak L\u00fcbnan vatanda\u015flar\u0131na kar\u015f\u0131 daha fazla katliam ger\u00e7ekle\u015ftirdi.<\/p>\n<p style=\"text-align: justify;\">L\u00fcbnan Ulusal Haber Ajans\u0131&#8217;n\u0131n haberine g\u00f6re Halk Sa\u011fl\u0131\u011f\u0131 Bakanl\u0131\u011f\u0131 taraf\u0131ndan yap\u0131lan a\u00e7\u0131klamada, &#8220;D\u00fcn gece, \u0130srail&#8217;in d\u00fc\u015fman hava sald\u0131r\u0131s\u0131 Barca b\u00f6lgesindeki konutlar\u0131 hedef ald\u0131 ve bunun sonucunda 20 \u015fehit ve 14 ki\u015fi yaraland\u0131&#8221; dedi.<\/p>\n<p style=\"text-align: justify;\">Halk Sa\u011fl\u0131\u011f\u0131 Bakanl\u0131\u011f\u0131 a\u00e7\u0131klamas\u0131nda da, Kurtarma ve moloz kald\u0131rma \u00e7al\u0131\u015fmalar\u0131n\u0131n devam etti\u011fi belirtti.<\/p>\n<p style=\"text-align: justify;\">D\u00fc\u015fman g\u00fc\u00e7lerinin Sur ve Bint Cubeyil il\u00e7elerine ba\u011fl\u0131 k\u00f6y ve kentlere y\u00f6nelik sald\u0131r\u0131lar\u0131 yo\u011funla\u015ft\u0131r\u0131l\u0131rken, d\u00fc\u015fman sava\u015f u\u00e7aklar\u0131n\u0131n \u015eehabiye kasabas\u0131ndaki bir binaya sald\u0131r\u0131 d\u00fczenlemesi sonucu 5 \u015fehit ve \u00e7ok say\u0131da ki\u015fi yaraland\u0131.<\/p>\n<p style=\"text-align: justify;\">D\u00fc\u015fman sava\u015f u\u00e7aklar\u0131n\u0131n Bargaliya kasabas\u0131nda da bir bina ve bir otomobili iki grup halinde hedef almas\u0131 sonucu 3 \u015fehit, 7 ki\u015fi de yaraland\u0131.<\/p>\n<p style=\"text-align: justify;\">D\u00fc\u015fman\u0131n Abbasiye il\u00e7esi yak\u0131nlar\u0131ndaki Kadmus mahallesine d\u00fczenledi\u011fi sald\u0131r\u0131da ayr\u0131ca 3 ki\u015fi \u015fehit oldu, 3 ki\u015fi de yaraland\u0131.<\/p>\n<p style=\"text-align: center;\"><strong><a href=\"https:\/\/t.me\/SuriyeArapHaberAjansI\">Telegram Kanal\u0131m\u0131z\u00a0<\/a>||<a href=\"https:\/\/twitter.com\/arap_ajans\">X Platformumuz\u00a0<\/a>||<a href=\"https:\/\/www.facebook.com\/SANAHaberAjansi\/\">Facebook Sayfam\u0131z<\/a><\/strong><\/p>\n","protected":false},"excerpt":{"rendered":"<p>BEYRUT (SANA) &#8211; D\u00fcn gece \u0130srail d\u00fc\u015fman\u0131, L\u00fcbnan topraklar\u0131ndaki bir\u00e7ok b\u00f6lgeyi bask\u0131nlar\u0131yla hedef alarak L\u00fcbnan vatanda\u015flar\u0131na kar\u015f\u0131 daha fazla katliam ger\u00e7ekle\u015ftirdi. L\u00fcbnan Ulusal Haber Ajans\u0131&#8217;n\u0131n haberine g\u00f6re Halk Sa\u011fl\u0131\u011f\u0131 Bakanl\u0131\u011f\u0131 taraf\u0131ndan yap\u0131lan a\u00e7\u0131klamada, &#8220;D\u00fcn gece, \u0130srail&#8217;in d\u00fc\u015fman hava sald\u0131r\u0131s\u0131 Barca b\u00f6lgesindeki konutlar\u0131 hedef ald\u0131 ve bunun sonucunda 20 \u015fehit ve 14 ki\u015fi yaraland\u0131&#8221; dedi. Halk &hellip;<\/p>\n","protected":false},"author":36,"featured_media":311052,"comment_status":"closed","ping_status":"closed","sticky":false,"template":"","format":"standard","meta":{"footnotes":""},"categories":[458,589,459,17988],"tags":[42832],"class_list":["post-311051","post","type-post","status-publish","format-standard","has-post-thumbnail","","category-dunya1","category-haber-seridi","category-haberler-arap-uluslararasi-politika","category-son-haberler","tag-israil-dusman-ucaklarinin-lubnanin-bazi-bolgelerinde-gerceklestirdigi-katliamlar-sonucu-onlarca-sehit-ve-yarali"],"_links":{"self":[{"href":"https:\/\/archive.sana.sy\/tr\/index.php?rest_route=\/wp\/v2\/posts\/311051","targetHints":{"allow":["GET"]}}],"collection":[{"href":"https:\/\/archive.sana.sy\/tr\/index.php?rest_route=\/wp\/v2\/posts"}],"about":[{"href":"https:\/\/archive.sana.sy\/tr\/index.php?rest_route=\/wp\/v2\/types\/post"}],"author":[{"embeddable":true,"href":"https:\/\/archive.sana.sy\/tr\/index.php?rest_route=\/wp\/v2\/users\/36"}],"replies":[{"embeddable":true,"href":"https:\/\/archive.sana.sy\/tr\/index.php?rest_route=%2Fwp%2Fv2%2Fcomments&post=311051"}],"version-history":[{"count":3,"href":"https:\/\/archive.sana.sy\/tr\/index.php?rest_route=\/wp\/v2\/posts\/311051\/revisions"}],"predecessor-version":[{"id":311055,"href":"https:\/\/archive.sana.sy\/tr\/index.php?rest_route=\/wp\/v2\/posts\/311051\/revisions\/311055"}],"wp:featuredmedia":[{"embeddable":true,"href":"https:\/\/archive.sana.sy\/tr\/index.php?rest_route=\/wp\/v2\/media\/311052"}],"wp:attachment":[{"href":"https:\/\/archive.sana.sy\/tr\/index.php?rest_route=%2Fwp%2Fv2%2Fmedia&parent=311051"}],"wp:term":[{"taxonomy":"category","embeddable":true,"href":"https:\/\/archive.sana.sy\/tr\/index.php?rest_route=%2Fwp%2Fv2%2Fcategories&post=311051"},{"taxonomy":"post_tag","embeddable":true,"href":"https:\/\/archive.sana.sy\/tr\/index.php?rest_route=%2Fwp%2Fv2%2Ftags&post=311051"}],"curies":[{"name":"wp","href":"https:\/\/api.w.org\/{rel}","templated":true}]}}