{"id":311073,"date":"2024-11-06T05:54:12","date_gmt":"2024-11-06T02:54:12","guid":{"rendered":"https:\/\/sana.sy\/tr\/?p=311073"},"modified":"2024-11-06T15:56:21","modified_gmt":"2024-11-06T12:56:21","slug":"isgal-gucleri-bati-seriada-12-filistinliyi-tutukladi-ve-bir-evi-yikti","status":"publish","type":"post","link":"https:\/\/archive.sana.sy\/tr\/?p=311073","title":{"rendered":"\u0130\u015fgal g\u00fc\u00e7leri Bat\u0131 \u015eeria&#8217;da 12 Filistinliyi Tutuklad\u0131 Ve Bir Evi Y\u0131kt\u0131"},"content":{"rendered":"<p style=\"text-align: justify;\"><strong>\u0130\u015eGAL ED\u0130LEN KUD\u00dcS (SANA)<\/strong> &#8211; \u0130srail i\u015fgal g\u00fc\u00e7leri bug\u00fcn Bat\u0131 \u015eeria&#8217;da 12 Filistinliyi tutuklad\u0131 ve bir evi y\u0131kt\u0131.<\/p>\n<p style=\"text-align: justify;\">Wafa Ajans\u0131, \u2018\u2019\u0130\u015fgal g\u00fc\u00e7leri Nablus, Ramallah, Tulkarm, El Halil&#8217;de \u00e7ok say\u0131da mahalle ve g\u00fcneyindeki Dura kasabas\u0131 ile Kud\u00fcs&#8217;teki Kalandiya kamp\u0131na bask\u0131n d\u00fczenleyerek biri yaral\u0131, 12 Filistinliyi tutuklad\u0131. Ayr\u0131ca Hebron&#8217;un g\u00fcneyindeki Masafer Yatta b\u00f6lgesindeki El Tuvani k\u00f6y\u00fcne \u00e7ok say\u0131da buldozer e\u015fli\u011finde bask\u0131n d\u00fczenleyerek bir evi y\u0131kt\u0131.\u2019\u2019<\/p>\n<p style=\"text-align: justify;\">\u00d6te yandan Filistinli Mahkumlar ve Eski Mahkumlar \u0130\u015fleri Kurumu, Damoun hapishanesinde kad\u0131n mahkumlar\u0131n her g\u00fcn maruz kald\u0131\u011f\u0131 felaket ko\u015fullar\u0131 konusunda uyard\u0131.<\/p>\n<p style=\"text-align: justify;\">Filistin direni\u015f hareketi Hamas, i\u015fgal hapishanelerinde kad\u0131n ve erkek mahk\u00fbmlar\u0131n maruz kald\u0131\u011f\u0131 trajik ko\u015fullar\u0131 k\u0131nad\u0131 ve i\u015fgalin uygulamalar\u0131yla kas\u0131tl\u0131 ahlaki ve fiziksel \u00f6ld\u00fcrmeyi hedefledi\u011fine dikkat \u00e7ekti.<\/p>\n<p style=\"text-align: center;\"><strong><a href=\"https:\/\/t.me\/SuriyeArapHaberAjansI\">Telegram Kanal\u0131m\u0131z\u00a0<\/a>||<a href=\"https:\/\/twitter.com\/arap_ajans\">X Platformumuz\u00a0<\/a>||<a href=\"https:\/\/www.facebook.com\/SANAHaberAjansi\/\">Facebook Sayfam\u0131z<\/a><\/strong><\/p>\n","protected":false},"excerpt":{"rendered":"<p>\u0130\u015eGAL ED\u0130LEN KUD\u00dcS (SANA) &#8211; \u0130srail i\u015fgal g\u00fc\u00e7leri bug\u00fcn Bat\u0131 \u015eeria&#8217;da 12 Filistinliyi tutuklad\u0131 ve bir evi y\u0131kt\u0131. Wafa Ajans\u0131, \u2018\u2019\u0130\u015fgal g\u00fc\u00e7leri Nablus, Ramallah, Tulkarm, El Halil&#8217;de \u00e7ok say\u0131da mahalle ve g\u00fcneyindeki Dura kasabas\u0131 ile Kud\u00fcs&#8217;teki Kalandiya kamp\u0131na bask\u0131n d\u00fczenleyerek biri yaral\u0131, 12 Filistinliyi tutuklad\u0131. Ayr\u0131ca Hebron&#8217;un g\u00fcneyindeki Masafer Yatta b\u00f6lgesindeki El Tuvani k\u00f6y\u00fcne \u00e7ok &hellip;<\/p>\n","protected":false},"author":41,"featured_media":311075,"comment_status":"closed","ping_status":"closed","sticky":false,"template":"","format":"standard","meta":{"footnotes":""},"categories":[458,589,459,17988],"tags":[],"class_list":["post-311073","post","type-post","status-publish","format-standard","has-post-thumbnail","","category-dunya1","category-haber-seridi","category-haberler-arap-uluslararasi-politika","category-son-haberler"],"_links":{"self":[{"href":"https:\/\/archive.sana.sy\/tr\/index.php?rest_route=\/wp\/v2\/posts\/311073","targetHints":{"allow":["GET"]}}],"collection":[{"href":"https:\/\/archive.sana.sy\/tr\/index.php?rest_route=\/wp\/v2\/posts"}],"about":[{"href":"https:\/\/archive.sana.sy\/tr\/index.php?rest_route=\/wp\/v2\/types\/post"}],"author":[{"embeddable":true,"href":"https:\/\/archive.sana.sy\/tr\/index.php?rest_route=\/wp\/v2\/users\/41"}],"replies":[{"embeddable":true,"href":"https:\/\/archive.sana.sy\/tr\/index.php?rest_route=%2Fwp%2Fv2%2Fcomments&post=311073"}],"version-history":[{"count":1,"href":"https:\/\/archive.sana.sy\/tr\/index.php?rest_route=\/wp\/v2\/posts\/311073\/revisions"}],"predecessor-version":[{"id":311074,"href":"https:\/\/archive.sana.sy\/tr\/index.php?rest_route=\/wp\/v2\/posts\/311073\/revisions\/311074"}],"wp:featuredmedia":[{"embeddable":true,"href":"https:\/\/archive.sana.sy\/tr\/index.php?rest_route=\/wp\/v2\/media\/311075"}],"wp:attachment":[{"href":"https:\/\/archive.sana.sy\/tr\/index.php?rest_route=%2Fwp%2Fv2%2Fmedia&parent=311073"}],"wp:term":[{"taxonomy":"category","embeddable":true,"href":"https:\/\/archive.sana.sy\/tr\/index.php?rest_route=%2Fwp%2Fv2%2Fcategories&post=311073"},{"taxonomy":"post_tag","embeddable":true,"href":"https:\/\/archive.sana.sy\/tr\/index.php?rest_route=%2Fwp%2Fv2%2Ftags&post=311073"}],"curies":[{"name":"wp","href":"https:\/\/api.w.org\/{rel}","templated":true}]}}