{"id":311097,"date":"2024-11-07T08:14:58","date_gmt":"2024-11-07T05:14:58","guid":{"rendered":"https:\/\/sana.sy\/tr\/?p=311097"},"modified":"2024-11-09T09:55:03","modified_gmt":"2024-11-09T06:55:03","slug":"cumhurbaskani-esad-sanli-1-kasim-devriminin-70-yildonumunde-cumhurbaskani-tebbunu-tebrik-etti","status":"publish","type":"post","link":"https:\/\/archive.sana.sy\/tr\/?p=311097","title":{"rendered":"Cumhurba\u015fkan\u0131 Esad, \u015eanl\u0131 1 Kas\u0131m Devriminin 70. Y\u0131ld\u00f6n\u00fcm\u00fcnde Cumhurba\u015fkan\u0131 Tebbun&#8217;u Tebrik Etti"},"content":{"rendered":"<p style=\"text-align: justify;\"><strong>\u015eAM (SANA) &#8211;<\/strong> Say\u0131n Cumhurba\u015fkan\u0131 Be\u015f\u015far Esad, Cezayir Cumhurba\u015fkan\u0131 Abdulmecid Tebbun&#8217;u \u015fanl\u0131 1 Kas\u0131m devriminin yetmi\u015finci y\u0131ld\u00f6n\u00fcm\u00fc m\u00fcnasebetiyle tebrik ederek, kendisine sa\u011fl\u0131k, karde\u015f Cezayir halk\u0131na g\u00fcvenlik, emniyet ve istikrar\u0131n devam\u0131n\u0131, ilerleme ve refah\u0131n s\u00fcreklili\u011fini diledi.<\/p>\n<p style=\"text-align: justify;\">Cumhurba\u015fkan\u0131 Esad ayr\u0131ca, Suriye ile Cezayir aras\u0131ndaki g\u00fc\u00e7l\u00fc karde\u015flik ili\u015fkilerine olan y\u00fcksek takdirini ve iki \u00fclkenin ve Arap b\u00f6lgesinin yarar\u0131na s\u00fcrekli geli\u015fme ve ilerlemeye tan\u0131kl\u0131k etmek i\u00e7in ikili eylem ve ortak koordinasyon yollar\u0131na olan b\u00fcy\u00fck ilgisini dile getirdi.<\/p>\n<p style=\"text-align: center;\"><strong><a href=\"https:\/\/t.me\/SuriyeArapHaberAjansI\">Telegram Kanal\u0131m\u0131z\u00a0<\/a><span style=\"color: #ff0000;\">||<\/span><a href=\"https:\/\/twitter.com\/arap_ajans\">X Platformumuz\u00a0<\/a><span style=\"color: #ff0000;\">||<\/span><a href=\"https:\/\/www.facebook.com\/SANAHaberAjansi\/\">Facebook Sayfam\u0131z<\/a><\/strong><\/p>\n","protected":false},"excerpt":{"rendered":"<p>\u015eAM (SANA) &#8211; Say\u0131n Cumhurba\u015fkan\u0131 Be\u015f\u015far Esad, Cezayir Cumhurba\u015fkan\u0131 Abdulmecid Tebbun&#8217;u \u015fanl\u0131 1 Kas\u0131m devriminin yetmi\u015finci y\u0131ld\u00f6n\u00fcm\u00fc m\u00fcnasebetiyle tebrik ederek, kendisine sa\u011fl\u0131k, karde\u015f Cezayir halk\u0131na g\u00fcvenlik, emniyet ve istikrar\u0131n devam\u0131n\u0131, ilerleme ve refah\u0131n s\u00fcreklili\u011fini diledi. Cumhurba\u015fkan\u0131 Esad ayr\u0131ca, Suriye ile Cezayir aras\u0131ndaki g\u00fc\u00e7l\u00fc karde\u015flik ili\u015fkilerine olan y\u00fcksek takdirini ve iki \u00fclkenin ve Arap b\u00f6lgesinin yarar\u0131na &hellip;<\/p>\n","protected":false},"author":39,"featured_media":311098,"comment_status":"closed","ping_status":"closed","sticky":false,"template":"","format":"standard","meta":{"footnotes":""},"categories":[589,605,17988,613],"tags":[],"class_list":["post-311097","post","type-post","status-publish","format-standard","has-post-thumbnail","","category-haber-seridi","category-sayin-cumhurbaskani","category-son-haberler","category-telgraflar"],"_links":{"self":[{"href":"https:\/\/archive.sana.sy\/tr\/index.php?rest_route=\/wp\/v2\/posts\/311097","targetHints":{"allow":["GET"]}}],"collection":[{"href":"https:\/\/archive.sana.sy\/tr\/index.php?rest_route=\/wp\/v2\/posts"}],"about":[{"href":"https:\/\/archive.sana.sy\/tr\/index.php?rest_route=\/wp\/v2\/types\/post"}],"author":[{"embeddable":true,"href":"https:\/\/archive.sana.sy\/tr\/index.php?rest_route=\/wp\/v2\/users\/39"}],"replies":[{"embeddable":true,"href":"https:\/\/archive.sana.sy\/tr\/index.php?rest_route=%2Fwp%2Fv2%2Fcomments&post=311097"}],"version-history":[{"count":2,"href":"https:\/\/archive.sana.sy\/tr\/index.php?rest_route=\/wp\/v2\/posts\/311097\/revisions"}],"predecessor-version":[{"id":311132,"href":"https:\/\/archive.sana.sy\/tr\/index.php?rest_route=\/wp\/v2\/posts\/311097\/revisions\/311132"}],"wp:featuredmedia":[{"embeddable":true,"href":"https:\/\/archive.sana.sy\/tr\/index.php?rest_route=\/wp\/v2\/media\/311098"}],"wp:attachment":[{"href":"https:\/\/archive.sana.sy\/tr\/index.php?rest_route=%2Fwp%2Fv2%2Fmedia&parent=311097"}],"wp:term":[{"taxonomy":"category","embeddable":true,"href":"https:\/\/archive.sana.sy\/tr\/index.php?rest_route=%2Fwp%2Fv2%2Fcategories&post=311097"},{"taxonomy":"post_tag","embeddable":true,"href":"https:\/\/archive.sana.sy\/tr\/index.php?rest_route=%2Fwp%2Fv2%2Ftags&post=311097"}],"curies":[{"name":"wp","href":"https:\/\/api.w.org\/{rel}","templated":true}]}}