{"id":311101,"date":"2024-11-07T10:11:07","date_gmt":"2024-11-07T07:11:07","guid":{"rendered":"https:\/\/sana.sy\/tr\/?p=311101"},"modified":"2024-11-07T10:11:07","modified_gmt":"2024-11-07T07:11:07","slug":"lubnan-saglik-bakanligi-israilin-bekaa-ve-baalbeke-yonelik-hava-saldirganliklarinda-40-sehit-ve-onlarca-yarali","status":"publish","type":"post","link":"https:\/\/archive.sana.sy\/tr\/?p=311101","title":{"rendered":"L\u00fcbnan Sa\u011fl\u0131k Bakanl\u0131\u011f\u0131: \u0130srail\u2019in Bekaa Ve Baalbek\u2019e Y\u00f6nelik Hava Sald\u0131rganl\u0131klar\u0131nda 40 \u015eehit Ve Onlarca Yaral\u0131"},"content":{"rendered":"<p style=\"text-align: justify;\"><strong>BEYRUT (SANA) \u2013 <\/strong>L\u00fcbnan Sa\u011fl\u0131k Bakanl\u0131\u011f\u0131, \u0130srail&#8217;in d\u00fcn Baalbek ve Bekaa&#8217;ya y\u00f6nelik ger\u00e7ekle\u015ftirdi\u011fi bir dizi hava sald\u0131rganl\u0131\u011f\u0131nda 40 ki\u015finin \u015fehit d\u00fc\u015ft\u00fc\u011f\u00fcn\u00fc ve 53 ki\u015finin yaraland\u0131\u011f\u0131n\u0131 a\u00e7\u0131klad\u0131.<\/p>\n<p style=\"text-align: justify;\">L\u00fcbnan Ulusal Haber Ajans\u0131&#8217;n\u0131n, Bakanl\u0131\u011f\u0131n Halk Sa\u011fl\u0131\u011f\u0131 Acil Durum Operasyon Merkezi\u2019nden aktard\u0131\u011f\u0131 a\u00e7\u0131klamada, \u0130srail&#8217;in Baalbek&#8217;teki El \u015eeykan mahallesine y\u00f6nelik hava sald\u0131rganl\u0131\u011f\u0131 sonucu 9 L\u00fcbnanl\u0131n\u0131n \u015fehit d\u00fc\u015ft\u00fc\u011f\u00fcn\u00fc, 15 ki\u015finin da yaraland\u0131\u011f\u0131, Tamnin El Tahta ise 2 ki\u015finin \u015fehit d\u00fc\u015ft\u00fc\u011f\u00fcn\u00fc, 3 ki\u015finin de yaraland\u0131\u011f\u0131n\u0131 belirtti.<\/p>\n<p style=\"text-align: justify;\">Ajans Ayr\u0131ca, Ram&#8217;da \u00fc\u00e7, \u015earkiye&#8217;de iki ki\u015finin \u015fehit d\u00fc\u015ft\u00fc\u011f\u00fcn\u00fc ve iki ki\u015finin yaraland\u0131\u011f\u0131na i\u015faret etti.<\/p>\n<p style=\"text-align: justify;\">Bakanl\u0131\u011f\u0131n a\u00e7\u0131klamas\u0131na g\u00f6re, El \u015ea\u011fir&#8217;de 1 ki\u015fi \u015fehit d\u00fc\u015ft\u00fc, 5 ki\u015fi yaraland\u0131, El Ayn&#8217;da ise 5 ki\u015fi \u015fehit d\u00fc\u015ft\u00fc, 4 ki\u015fi de yaraland\u0131.<\/p>\n<p style=\"text-align: justify;\">Nasiriye&#8217;ye y\u00f6nelik vah\u015fi hava sald\u0131rganl\u0131klar\u0131nda 16 ki\u015fi \u015fehit d\u00fc\u015ft\u00fc, 17 ki\u015fi de yaraland\u0131. Palmyra Oteli&#8217;nde iki ki\u015fi \u015fehit d\u00fc\u015ft\u00fc ve 1 ki\u015fi yaraland\u0131, Ensar b\u00f6lgesinde 6 ki\u015fi yaraland\u0131.<\/p>\n<p style=\"text-align: justify;\">Acil Durum Operasyon Merkezi, kay\u0131p ki\u015filerin bulunmas\u0131 i\u00e7in kurtarma ve enkaz kald\u0131rma \u00e7al\u0131\u015fmalar\u0131n\u0131n s\u00fcrd\u00fc\u011f\u00fcn\u00fc ifade etti.<\/p>\n<p style=\"text-align: justify;\">\u00d6te yandan, L\u00fcbnan Ulusal Haber Ajans\u0131, d\u00fc\u015fman sava\u015f u\u00e7aklar\u0131n\u0131n gece saatlerinde Beyrut\u2019un g\u00fcney banliy\u00f6s\u00fcne \u015fiddetli hava sald\u0131rganl\u0131klar\u0131 d\u00fczenledi\u011fini, bu hava sald\u0131rganl\u0131klar\u0131 \u00d6zayi b\u00f6lgesini, Manar binas\u0131 yak\u0131n\u0131ndaki Hreik b\u00f6lgesini, Harit Bakur ve Hilal \u0130stasyonunu hedef ald\u0131\u011f\u0131n\u0131 belirtti.<\/p>\n<p style=\"text-align: justify;\">D\u00fc\u015fman u\u00e7aklar\u0131 ayr\u0131ca sabah erken saatlerde Yamur \u015eakif kasabas\u0131na hava sald\u0131rganl\u0131\u011f\u0131 d\u00fczenleyerek Litani Nehri&#8217;nin yata\u011f\u0131na yak\u0131n eteklerini, kasaban\u0131n merkezini ve do\u011fu yakas\u0131n\u0131 hedef ald\u0131.<\/p>\n<p style=\"text-align: justify;\">Yamur \u015eakif kasabas\u0131n\u0131n d\u0131\u015f mahalleleri ve \u00e7evresine, tar\u0131m arazilerine d\u00fc\u015fen uluslararas\u0131 yasakl\u0131 misket f\u00fczeleriyle d\u00fc\u015fmanca bombard\u0131mana maruz kald\u0131.<\/p>\n<p style=\"text-align: center;\"><strong><a href=\"https:\/\/t.me\/SuriyeArapHaberAjansI\">Telegram Kanal\u0131m\u0131z\u00a0<\/a>||<a href=\"https:\/\/twitter.com\/arap_ajans\">X Platformumuz\u00a0<\/a>||<a href=\"https:\/\/www.facebook.com\/SANAHaberAjansi\/\">Facebook Sayfam\u0131z<\/a><\/strong><\/p>\n","protected":false},"excerpt":{"rendered":"<p>BEYRUT (SANA) \u2013 L\u00fcbnan Sa\u011fl\u0131k Bakanl\u0131\u011f\u0131, \u0130srail&#8217;in d\u00fcn Baalbek ve Bekaa&#8217;ya y\u00f6nelik ger\u00e7ekle\u015ftirdi\u011fi bir dizi hava sald\u0131rganl\u0131\u011f\u0131nda 40 ki\u015finin \u015fehit d\u00fc\u015ft\u00fc\u011f\u00fcn\u00fc ve 53 ki\u015finin yaraland\u0131\u011f\u0131n\u0131 a\u00e7\u0131klad\u0131. L\u00fcbnan Ulusal Haber Ajans\u0131&#8217;n\u0131n, Bakanl\u0131\u011f\u0131n Halk Sa\u011fl\u0131\u011f\u0131 Acil Durum Operasyon Merkezi\u2019nden aktard\u0131\u011f\u0131 a\u00e7\u0131klamada, \u0130srail&#8217;in Baalbek&#8217;teki El \u015eeykan mahallesine y\u00f6nelik hava sald\u0131rganl\u0131\u011f\u0131 sonucu 9 L\u00fcbnanl\u0131n\u0131n \u015fehit d\u00fc\u015ft\u00fc\u011f\u00fcn\u00fc, 15 ki\u015finin da &hellip;<\/p>\n","protected":false},"author":39,"featured_media":311102,"comment_status":"closed","ping_status":"closed","sticky":false,"template":"","format":"standard","meta":{"footnotes":""},"categories":[458,589,459,17988],"tags":[],"class_list":["post-311101","post","type-post","status-publish","format-standard","has-post-thumbnail","","category-dunya1","category-haber-seridi","category-haberler-arap-uluslararasi-politika","category-son-haberler"],"_links":{"self":[{"href":"https:\/\/archive.sana.sy\/tr\/index.php?rest_route=\/wp\/v2\/posts\/311101","targetHints":{"allow":["GET"]}}],"collection":[{"href":"https:\/\/archive.sana.sy\/tr\/index.php?rest_route=\/wp\/v2\/posts"}],"about":[{"href":"https:\/\/archive.sana.sy\/tr\/index.php?rest_route=\/wp\/v2\/types\/post"}],"author":[{"embeddable":true,"href":"https:\/\/archive.sana.sy\/tr\/index.php?rest_route=\/wp\/v2\/users\/39"}],"replies":[{"embeddable":true,"href":"https:\/\/archive.sana.sy\/tr\/index.php?rest_route=%2Fwp%2Fv2%2Fcomments&post=311101"}],"version-history":[{"count":1,"href":"https:\/\/archive.sana.sy\/tr\/index.php?rest_route=\/wp\/v2\/posts\/311101\/revisions"}],"predecessor-version":[{"id":311103,"href":"https:\/\/archive.sana.sy\/tr\/index.php?rest_route=\/wp\/v2\/posts\/311101\/revisions\/311103"}],"wp:featuredmedia":[{"embeddable":true,"href":"https:\/\/archive.sana.sy\/tr\/index.php?rest_route=\/wp\/v2\/media\/311102"}],"wp:attachment":[{"href":"https:\/\/archive.sana.sy\/tr\/index.php?rest_route=%2Fwp%2Fv2%2Fmedia&parent=311101"}],"wp:term":[{"taxonomy":"category","embeddable":true,"href":"https:\/\/archive.sana.sy\/tr\/index.php?rest_route=%2Fwp%2Fv2%2Fcategories&post=311101"},{"taxonomy":"post_tag","embeddable":true,"href":"https:\/\/archive.sana.sy\/tr\/index.php?rest_route=%2Fwp%2Fv2%2Ftags&post=311101"}],"curies":[{"name":"wp","href":"https:\/\/api.w.org\/{rel}","templated":true}]}}