{"id":311107,"date":"2024-11-07T12:27:28","date_gmt":"2024-11-07T09:27:28","guid":{"rendered":"https:\/\/sana.sy\/tr\/?p=311107"},"modified":"2024-11-07T12:31:52","modified_gmt":"2024-11-07T09:31:52","slug":"gazze-seridinde-bircok-farkli-bolgeye-yonelik-isgal-bombardimaninda-sehit-ve-yaralilar-2","status":"publish","type":"post","link":"https:\/\/archive.sana.sy\/tr\/?p=311107","title":{"rendered":"Gazze \u015eeridi&#8217;nde Farkl\u0131 B\u00f6lgeye Y\u00f6nelik \u0130\u015fgal Bombard\u0131man\u0131nda \u015eehit Ve Yaral\u0131lar"},"content":{"rendered":"<p style=\"text-align: justify;\"><strong>\u0130\u015eGAL ED\u0130LEN KUD\u00dcS (SANA) \u2013<\/strong> \u0130\u015fgalci \u0130srail\u2019in u\u00e7aklar\u0131n\u0131n Gazze \u015eehri ve orta kesimlerini bombalamas\u0131 sonucu \u00e7ok say\u0131da Filistinli \u015fehit d\u00fc\u015ft\u00fc ve yaraland\u0131.<\/p>\n<p style=\"text-align: justify;\">WAFA Haber Ajans\u0131, i\u015fgal g\u00fc\u00e7lerinin Cebeliye kamp\u0131n\u0131n bat\u0131s\u0131nda bir grup Filistinliyi toplarla bombalayarak 6 ki\u015fiyi \u015fehit d\u00fc\u015ft\u00fc\u011f\u00fcn\u00fc, di\u011ferlerini yaralad\u0131\u011f\u0131n\u0131, u\u00e7aklar\u0131n\u0131n ise Beyt Lahya&#8217;da bir ev ve bir pazar\u0131 bombalayarak 8 ki\u015fiyi \u015fehit d\u00fc\u015ft\u00fc\u011f\u00fcn\u00fcn ve di\u011ferlerini de yaralad\u0131\u011f\u0131n\u0131 bildirdi.<\/p>\n<p style=\"text-align: justify;\">Gazze Sivil Savunma, i\u015fgalcinin m\u00fcrettebat\u0131n\u0131n Gazze \u015eeridi&#8217;nin kuzeyinde \u00e7al\u0131\u015fmas\u0131n\u0131 engellemeye devam etti\u011fini, uluslararas\u0131 kurulu\u015flar\u0131n \u00e7a\u011fr\u0131lara yan\u0131t vermedi\u011fini ve b\u00f6lgedeki t\u0131bbi ve insani sistemi yeniden hizmete sokmas\u0131 i\u00e7in i\u015fgalciye bask\u0131 yapmad\u0131\u011f\u0131n\u0131 a\u00e7\u0131klad\u0131.<\/p>\n<p style=\"text-align: justify;\">\u0130srail \u0130\u015fgal g\u00fc\u00e7lerinin Kuzey Gazze \u015eeridi&#8217;ndeki binalar\u0131 bombalamaya, \u00f6ld\u00fcrmeye ve havaya u\u00e7urmaya devam etti\u011fini, halk\u0131 insani ve t\u0131bbi bak\u0131mdan tamamen yoksun b\u0131rak\u0131l\u0131yor.<\/p>\n<p style=\"text-align: justify;\">Gazze \u015eeridi&#8217;ne y\u00f6nelik devam eden i\u015fgal sald\u0131rganl\u0131\u011f\u0131n\u0131n kurbanlar\u0131n\u0131n say\u0131s\u0131 398&#8217;inci g\u00fcnde 43 bin 390&#8217;\u0131 a\u015fk\u0131n \u015fehit ve 102 bin 340 yaral\u0131ya y\u00fckseldi.<\/p>\n<p style=\"text-align: justify;\"><strong><a href=\"https:\/\/t.me\/SuriyeArapHaberAjansI\">Telegram Kanal\u0131m\u0131z\u00a0<\/a>||<a href=\"https:\/\/twitter.com\/arap_ajans\">X Platformumuz\u00a0<\/a>||<a href=\"https:\/\/www.facebook.com\/SANAHaberAjansi\/\">Facebook Sayfam\u0131z<\/a><\/strong><\/p>\n","protected":false},"excerpt":{"rendered":"<p>\u0130\u015eGAL ED\u0130LEN KUD\u00dcS (SANA) \u2013 \u0130\u015fgalci \u0130srail\u2019in u\u00e7aklar\u0131n\u0131n Gazze \u015eehri ve orta kesimlerini bombalamas\u0131 sonucu \u00e7ok say\u0131da Filistinli \u015fehit d\u00fc\u015ft\u00fc ve yaraland\u0131. WAFA Haber Ajans\u0131, i\u015fgal g\u00fc\u00e7lerinin Cebeliye kamp\u0131n\u0131n bat\u0131s\u0131nda bir grup Filistinliyi toplarla bombalayarak 6 ki\u015fiyi \u015fehit d\u00fc\u015ft\u00fc\u011f\u00fcn\u00fc, di\u011ferlerini yaralad\u0131\u011f\u0131n\u0131, u\u00e7aklar\u0131n\u0131n ise Beyt Lahya&#8217;da bir ev ve bir pazar\u0131 bombalayarak 8 ki\u015fiyi \u015fehit d\u00fc\u015ft\u00fc\u011f\u00fcn\u00fcn &hellip;<\/p>\n","protected":false},"author":39,"featured_media":311108,"comment_status":"closed","ping_status":"closed","sticky":false,"template":"","format":"standard","meta":{"footnotes":""},"categories":[458,589,459,17988],"tags":[],"class_list":["post-311107","post","type-post","status-publish","format-standard","has-post-thumbnail","","category-dunya1","category-haber-seridi","category-haberler-arap-uluslararasi-politika","category-son-haberler"],"_links":{"self":[{"href":"https:\/\/archive.sana.sy\/tr\/index.php?rest_route=\/wp\/v2\/posts\/311107","targetHints":{"allow":["GET"]}}],"collection":[{"href":"https:\/\/archive.sana.sy\/tr\/index.php?rest_route=\/wp\/v2\/posts"}],"about":[{"href":"https:\/\/archive.sana.sy\/tr\/index.php?rest_route=\/wp\/v2\/types\/post"}],"author":[{"embeddable":true,"href":"https:\/\/archive.sana.sy\/tr\/index.php?rest_route=\/wp\/v2\/users\/39"}],"replies":[{"embeddable":true,"href":"https:\/\/archive.sana.sy\/tr\/index.php?rest_route=%2Fwp%2Fv2%2Fcomments&post=311107"}],"version-history":[{"count":2,"href":"https:\/\/archive.sana.sy\/tr\/index.php?rest_route=\/wp\/v2\/posts\/311107\/revisions"}],"predecessor-version":[{"id":311110,"href":"https:\/\/archive.sana.sy\/tr\/index.php?rest_route=\/wp\/v2\/posts\/311107\/revisions\/311110"}],"wp:featuredmedia":[{"embeddable":true,"href":"https:\/\/archive.sana.sy\/tr\/index.php?rest_route=\/wp\/v2\/media\/311108"}],"wp:attachment":[{"href":"https:\/\/archive.sana.sy\/tr\/index.php?rest_route=%2Fwp%2Fv2%2Fmedia&parent=311107"}],"wp:term":[{"taxonomy":"category","embeddable":true,"href":"https:\/\/archive.sana.sy\/tr\/index.php?rest_route=%2Fwp%2Fv2%2Fcategories&post=311107"},{"taxonomy":"post_tag","embeddable":true,"href":"https:\/\/archive.sana.sy\/tr\/index.php?rest_route=%2Fwp%2Fv2%2Ftags&post=311107"}],"curies":[{"name":"wp","href":"https:\/\/api.w.org\/{rel}","templated":true}]}}