{"id":311111,"date":"2024-11-07T15:00:58","date_gmt":"2024-11-07T12:00:58","guid":{"rendered":"https:\/\/sana.sy\/tr\/?p=311111"},"modified":"2024-11-07T15:25:22","modified_gmt":"2024-11-07T12:25:22","slug":"muradov-suriye-ve-kirim-cumhuriyetinin-guclu-kardeslik-iliskileri-vardir","status":"publish","type":"post","link":"https:\/\/archive.sana.sy\/tr\/?p=311111","title":{"rendered":"Muradov: Suriye Ve K\u0131r\u0131m Cumhuriyeti&#8217;nin G\u00fc\u00e7l\u00fc Karde\u015flik \u0130li\u015fkileri Vard\u0131r"},"content":{"rendered":"<p style=\"text-align: justify;\"><strong>MOSKOVA (SANA)<\/strong> &#8211; \u00a0K\u0131r\u0131m Cumhuriyeti Ba\u015fbakan Yard\u0131mc\u0131s\u0131 ve Rusya Cumhurba\u015fkanl\u0131\u011f\u0131 Daimi Temsilcisi Georgi Muradov, Suriye ve K\u0131r\u0131m Cumhuriyeti halklar\u0131n\u0131n ger\u00e7ek dayan\u0131\u015fma temelleri \u00fczerine kurulu g\u00fc\u00e7l\u00fc karde\u015flik ili\u015fkilerine sahip oldu\u011funu vurgulad\u0131.<\/p>\n<p style=\"text-align: justify;\">Muradov bug\u00fcn Moskova&#8217;da SANA muhabirine verdi\u011fi r\u00f6portajda \u015funlar\u0131 s\u00f6yledi: &#8220;Donbas&#8217;taki Rus halk\u0131 bug\u00fcn Bat\u0131&#8217;n\u0131n \u015fiddetli sald\u0131r\u0131s\u0131 kar\u015f\u0131s\u0131nda kararl\u0131d\u0131r, t\u0131pk\u0131 Suriye halk\u0131n\u0131n Amerikan emperyalizminin kendilerini zay\u0131flatmaya ve birliklerini hedef almaya y\u00f6nelik t\u00fcm giri\u015fimlerine kararl\u0131l\u0131kla direndi\u011fi gibi.&#8221;<\/p>\n<p style=\"text-align: justify;\">K\u0131r\u0131m halk\u0131n\u0131n da Bat\u0131 planlar\u0131na d\u00fc\u015fman ulusal duru\u015funu teyit etti\u011fini, Bat\u0131 yanl\u0131s\u0131 kolektif ayr\u0131l\u0131k\u00e7\u0131 hareketler kar\u015f\u0131s\u0131nda dik durdu\u011funu ve anavatan Rusya&#8217;n\u0131n deste\u011fiyle sesini y\u00fcksek sesle y\u00fckseltti\u011fini anlatan Muradov, \u0130srail varl\u0131\u011f\u0131n\u0131n uygulamalar\u0131n\u0131 k\u0131nad\u0131 ve onun Nazizm&#8217;den daha vah\u015fi olan \u0131rk\u00e7\u0131 yakla\u015f\u0131m\u0131n\u0131 k\u0131nad\u0131.<\/p>\n<p style=\"text-align: justify;\">Muradov ayr\u0131ca, Gazze&#8217;de insanl\u0131\u011f\u0131n ve insani yard\u0131m kurulu\u015flar\u0131n\u0131n g\u00f6z\u00fc \u00f6n\u00fcnde ya\u015fanan \u00f6ld\u00fcrme, yerinden etme ve y\u0131k\u0131m\u0131n, \u0130srail varl\u0131\u011f\u0131n\u0131n yakla\u015f\u0131m\u0131n\u0131n fa\u015fist niteli\u011fini do\u011frulad\u0131\u011f\u0131n\u0131 vurgulad\u0131.<\/p>\n<p style=\"text-align: justify;\">Muradov, Amerika&#8217;n\u0131n Suriye topraklar\u0131n\u0131 i\u015fgal etmesinin, di\u011fer halklar\u0131n zenginliklerini \u00e7almak ve ya\u011fmalamak amac\u0131yla tahakk\u00fcm ve ter\u00f6r saiklerine dayanan s\u00f6m\u00fcrgeci yakla\u015f\u0131m\u0131n sonucu oldu\u011funu da kaydetti.<\/p>\n<p style=\"text-align: center;\"><strong><a href=\"https:\/\/t.me\/SuriyeArapHaberAjansI\">Telegram Kanal\u0131m\u0131z\u00a0<\/a>||<a href=\"https:\/\/twitter.com\/arap_ajans\">X Platformumuz\u00a0<\/a>||<a href=\"https:\/\/www.facebook.com\/SANAHaberAjansi\/\">Facebook Sayfam\u0131z<\/a><\/strong><\/p>\n","protected":false},"excerpt":{"rendered":"<p>MOSKOVA (SANA) &#8211; \u00a0K\u0131r\u0131m Cumhuriyeti Ba\u015fbakan Yard\u0131mc\u0131s\u0131 ve Rusya Cumhurba\u015fkanl\u0131\u011f\u0131 Daimi Temsilcisi Georgi Muradov, Suriye ve K\u0131r\u0131m Cumhuriyeti halklar\u0131n\u0131n ger\u00e7ek dayan\u0131\u015fma temelleri \u00fczerine kurulu g\u00fc\u00e7l\u00fc karde\u015flik ili\u015fkilerine sahip oldu\u011funu vurgulad\u0131. Muradov bug\u00fcn Moskova&#8217;da SANA muhabirine verdi\u011fi r\u00f6portajda \u015funlar\u0131 s\u00f6yledi: &#8220;Donbas&#8217;taki Rus halk\u0131 bug\u00fcn Bat\u0131&#8217;n\u0131n \u015fiddetli sald\u0131r\u0131s\u0131 kar\u015f\u0131s\u0131nda kararl\u0131d\u0131r, t\u0131pk\u0131 Suriye halk\u0131n\u0131n Amerikan emperyalizminin kendilerini zay\u0131flatmaya &hellip;<\/p>\n","protected":false},"author":39,"featured_media":311112,"comment_status":"closed","ping_status":"closed","sticky":false,"template":"","format":"standard","meta":{"footnotes":""},"categories":[458,589,17988],"tags":[42837],"class_list":["post-311111","post","type-post","status-publish","format-standard","has-post-thumbnail","","category-dunya1","category-haber-seridi","category-son-haberler","tag-muradov-suriye-ve-kirim-cumhuriyetinin-guclu-kardeslik-iliskileri-vardir"],"_links":{"self":[{"href":"https:\/\/archive.sana.sy\/tr\/index.php?rest_route=\/wp\/v2\/posts\/311111","targetHints":{"allow":["GET"]}}],"collection":[{"href":"https:\/\/archive.sana.sy\/tr\/index.php?rest_route=\/wp\/v2\/posts"}],"about":[{"href":"https:\/\/archive.sana.sy\/tr\/index.php?rest_route=\/wp\/v2\/types\/post"}],"author":[{"embeddable":true,"href":"https:\/\/archive.sana.sy\/tr\/index.php?rest_route=\/wp\/v2\/users\/39"}],"replies":[{"embeddable":true,"href":"https:\/\/archive.sana.sy\/tr\/index.php?rest_route=%2Fwp%2Fv2%2Fcomments&post=311111"}],"version-history":[{"count":1,"href":"https:\/\/archive.sana.sy\/tr\/index.php?rest_route=\/wp\/v2\/posts\/311111\/revisions"}],"predecessor-version":[{"id":311113,"href":"https:\/\/archive.sana.sy\/tr\/index.php?rest_route=\/wp\/v2\/posts\/311111\/revisions\/311113"}],"wp:featuredmedia":[{"embeddable":true,"href":"https:\/\/archive.sana.sy\/tr\/index.php?rest_route=\/wp\/v2\/media\/311112"}],"wp:attachment":[{"href":"https:\/\/archive.sana.sy\/tr\/index.php?rest_route=%2Fwp%2Fv2%2Fmedia&parent=311111"}],"wp:term":[{"taxonomy":"category","embeddable":true,"href":"https:\/\/archive.sana.sy\/tr\/index.php?rest_route=%2Fwp%2Fv2%2Fcategories&post=311111"},{"taxonomy":"post_tag","embeddable":true,"href":"https:\/\/archive.sana.sy\/tr\/index.php?rest_route=%2Fwp%2Fv2%2Ftags&post=311111"}],"curies":[{"name":"wp","href":"https:\/\/api.w.org\/{rel}","templated":true}]}}