{"id":311114,"date":"2024-11-07T16:00:37","date_gmt":"2024-11-07T13:00:37","guid":{"rendered":"https:\/\/sana.sy\/tr\/?p=311114"},"modified":"2024-11-07T16:03:22","modified_gmt":"2024-11-07T13:03:22","slug":"bayindirlik-ve-iskan-bakani-misirli-mevkidasi-ve-bm-habitat-programiyla-isbirligi-olanaklarini-gorustu","status":"publish","type":"post","link":"https:\/\/archive.sana.sy\/tr\/?p=311114","title":{"rendered":"Bay\u0131nd\u0131rl\u0131k Ve \u0130skan Bakan\u0131, M\u0131s\u0131rl\u0131 Mevkida\u015f\u0131 Ve BM &#8220;Habitat&#8221; Program\u0131yla \u0130\u015fbirli\u011fi Olanaklar\u0131n\u0131 G\u00f6r\u00fc\u015ft\u00fc"},"content":{"rendered":"<p style=\"text-align: justify;\"><strong>KAH\u0130RE (SANA) &#8211;<\/strong> Bay\u0131nd\u0131rl\u0131k ve \u0130skan Bakan\u0131 Hamza Ali , M\u0131s\u0131r Konut ve \u0130n\u015faat Bakan\u0131 \u015eerif El \u015eerbini \u00a0ile iki \u00fclke aras\u0131ndaki i\u015fbirli\u011fini ve beklentilerini geli\u015ftirmenin yollar\u0131n\u0131 ve yeni \u015fehirlerin kurulmas\u0131ndaki deneyimler ve gayri resmi konut alanlar\u0131n\u0131 ele alma yollar\u0131 da dahil olmak \u00fczere konut sekt\u00f6r\u00fcyle ilgili konular\u0131 g\u00f6r\u00fc\u015ft\u00fc.<\/p>\n<p style=\"text-align: justify;\">Kahire&#8217;de d\u00fczenlenen D\u00fcnya Kentsel Forumu oturum aralar\u0131nda ger\u00e7ekle\u015ftirilen g\u00f6r\u00fc\u015fmede, iki \u00fclke aras\u0131nda bilgi ve deneyim payla\u015f\u0131m\u0131, deneyimlerden faydalanma, \u00e7al\u0131\u015fmalar\u0131n takibi ve ortak koordinasyon amac\u0131yla ortak i\u015fbirli\u011fi mekanizmalar\u0131n\u0131n belirlenmesi ele al\u0131nd\u0131.<\/p>\n<p style=\"text-align: justify;\">Bakan Ali ve beraberindeki heyet, Birle\u015fmi\u015f Milletler \u0130nsan Yerle\u015fimleri Program\u0131 (Habitat) ekibiyle iki taraf aras\u0131ndaki i\u015fbirli\u011finin gelecekte \u00fcmit edilen y\u00f6nlerini de g\u00f6r\u00fc\u015ft\u00fc.<\/p>\n<p style=\"text-align: justify;\">Bakan Ali ayr\u0131ca, program\u0131n ortak i\u015fbirli\u011fi ve yerel topluluklar\u0131, \u00e7evresel ger\u00e7ekli\u011fi, konut ve bar\u0131nmay\u0131 ilgilendiren belirli konular \u00e7er\u00e7evesinde g\u00f6sterdi\u011fi \u00e7abalar\u0131 \u00f6vd\u00fc.<\/p>\n<p style=\"text-align: center;\"><strong><a href=\"https:\/\/t.me\/SuriyeArapHaberAjansI\">Telegram Kanal\u0131m\u0131z\u00a0<\/a>||<a href=\"https:\/\/twitter.com\/arap_ajans\">X Platformumuz\u00a0<\/a>||<a href=\"https:\/\/www.facebook.com\/SANAHaberAjansi\/\">Facebook Sayfam\u0131z<\/a><\/strong><\/p>\n<p>&nbsp;<\/p>\n","protected":false},"excerpt":{"rendered":"<p>KAH\u0130RE (SANA) &#8211; Bay\u0131nd\u0131rl\u0131k ve \u0130skan Bakan\u0131 Hamza Ali , M\u0131s\u0131r Konut ve \u0130n\u015faat Bakan\u0131 \u015eerif El \u015eerbini \u00a0ile iki \u00fclke aras\u0131ndaki i\u015fbirli\u011fini ve beklentilerini geli\u015ftirmenin yollar\u0131n\u0131 ve yeni \u015fehirlerin kurulmas\u0131ndaki deneyimler ve gayri resmi konut alanlar\u0131n\u0131 ele alma yollar\u0131 da dahil olmak \u00fczere konut sekt\u00f6r\u00fcyle ilgili konular\u0131 g\u00f6r\u00fc\u015ft\u00fc. Kahire&#8217;de d\u00fczenlenen D\u00fcnya Kentsel Forumu oturum &hellip;<\/p>\n","protected":false},"author":39,"featured_media":311115,"comment_status":"closed","ping_status":"closed","sticky":false,"template":"","format":"standard","meta":{"footnotes":""},"categories":[458,589,459,17988],"tags":[24213,42838],"class_list":["post-311114","post","type-post","status-publish","format-standard","has-post-thumbnail","","category-dunya1","category-haber-seridi","category-haberler-arap-uluslararasi-politika","category-son-haberler","tag-bayindirlik-ve-iskan-bakani","tag-misirli-mevkidasi-ve-bm-habitat-programiyla-isbirligi-olanaklarini-gorustu"],"_links":{"self":[{"href":"https:\/\/archive.sana.sy\/tr\/index.php?rest_route=\/wp\/v2\/posts\/311114","targetHints":{"allow":["GET"]}}],"collection":[{"href":"https:\/\/archive.sana.sy\/tr\/index.php?rest_route=\/wp\/v2\/posts"}],"about":[{"href":"https:\/\/archive.sana.sy\/tr\/index.php?rest_route=\/wp\/v2\/types\/post"}],"author":[{"embeddable":true,"href":"https:\/\/archive.sana.sy\/tr\/index.php?rest_route=\/wp\/v2\/users\/39"}],"replies":[{"embeddable":true,"href":"https:\/\/archive.sana.sy\/tr\/index.php?rest_route=%2Fwp%2Fv2%2Fcomments&post=311114"}],"version-history":[{"count":1,"href":"https:\/\/archive.sana.sy\/tr\/index.php?rest_route=\/wp\/v2\/posts\/311114\/revisions"}],"predecessor-version":[{"id":311116,"href":"https:\/\/archive.sana.sy\/tr\/index.php?rest_route=\/wp\/v2\/posts\/311114\/revisions\/311116"}],"wp:featuredmedia":[{"embeddable":true,"href":"https:\/\/archive.sana.sy\/tr\/index.php?rest_route=\/wp\/v2\/media\/311115"}],"wp:attachment":[{"href":"https:\/\/archive.sana.sy\/tr\/index.php?rest_route=%2Fwp%2Fv2%2Fmedia&parent=311114"}],"wp:term":[{"taxonomy":"category","embeddable":true,"href":"https:\/\/archive.sana.sy\/tr\/index.php?rest_route=%2Fwp%2Fv2%2Fcategories&post=311114"},{"taxonomy":"post_tag","embeddable":true,"href":"https:\/\/archive.sana.sy\/tr\/index.php?rest_route=%2Fwp%2Fv2%2Ftags&post=311114"}],"curies":[{"name":"wp","href":"https:\/\/api.w.org\/{rel}","templated":true}]}}