{"id":311122,"date":"2024-11-07T17:07:34","date_gmt":"2024-11-07T14:07:34","guid":{"rendered":"https:\/\/sana.sy\/tr\/?p=311122"},"modified":"2024-11-07T17:07:34","modified_gmt":"2024-11-07T14:07:34","slug":"lubnandan-gelenler-icin-yardim-tasiyan-bae-ucagi-sam-uluslararasi-havalimanina-geldi","status":"publish","type":"post","link":"https:\/\/archive.sana.sy\/tr\/?p=311122","title":{"rendered":"L\u00fcbnan&#8217;dan Gelenler \u0130\u00e7in Yard\u0131m Ta\u015f\u0131yan BAE U\u00e7a\u011f\u0131 \u015eam Uluslararas\u0131 Havaliman\u0131&#8217;na Geldi"},"content":{"rendered":"<p style=\"text-align: justify;\"><strong>\u015eAM (SANA) &#8211;<\/strong> L\u00fcbnan&#8217;dan gelenlere mahsus yard\u0131m ta\u015f\u0131yan yeni bir BAE yard\u0131m u\u00e7a\u011f\u0131 bug\u00fcn \u015eam Uluslararas\u0131 <img loading=\"lazy\" decoding=\"async\" class=\"size-full wp-image-311124 alignright\" src=\"http:\/\/sana.sy\/tr\/wp-content\/uploads\/2024\/11\/photo_2024-11-07_13-48-00-Copy-copy-300x177-1.jpg\" alt=\"\" width=\"300\" height=\"177\" \/>Havaliman\u0131&#8217;na ula\u015ft\u0131.<\/p>\n<p style=\"text-align: justify;\">U\u00e7ak, Suriye Arap K\u0131z\u0131lay\u0131&#8217;na ula\u015fan insani yard\u0131m, sa\u011fl\u0131k ve ki\u015fisel bak\u0131m malzemelerinin de aralar\u0131nda bulundu\u011fu 9,6 ton yard\u0131m ta\u015f\u0131yor ve Emirlik K\u0131z\u0131lay\u0131 ve Y\u00fcksek Yard\u0131m Komitesi ile koordineli olarak L\u00fcbnan&#8217;dan gelenlere da\u011f\u0131t\u0131lacak.<\/p>\n<p style=\"text-align: justify;\">Bug\u00fcnk\u00fc u\u00e7ak, yerel pazardan sat\u0131n al\u0131nan insani yard\u0131m malzemelerinin yan\u0131 s\u0131ra L\u00fcbnanl\u0131 gurbet\u00e7i karde\u015flere ve geri d\u00f6nen Suriyelilere yard\u0131m \u00e7al\u0131\u015fmalar\u0131 kapsam\u0131nda Birle\u015fik Arap Emirlikleri&#8217;nden gelen d\u00f6rd\u00fcnc\u00fc u\u00e7ak oldu.<\/p>\n<p style=\"text-align: center;\">\u00a0,<strong style=\"text-align: center;\"><a href=\"https:\/\/t.me\/SuriyeArapHaberAjansI\">Telegram Kanal\u0131m\u0131z\u00a0<\/a>||<a href=\"https:\/\/twitter.com\/arap_ajans\">X Platformumuz\u00a0<\/a>||<a href=\"https:\/\/www.facebook.com\/SANAHaberAjansi\/\">Facebook Sayfam\u0131z<\/a><\/strong><\/p>\n<p style=\"text-align: justify;\">\n","protected":false},"excerpt":{"rendered":"<p>\u015eAM (SANA) &#8211; L\u00fcbnan&#8217;dan gelenlere mahsus yard\u0131m ta\u015f\u0131yan yeni bir BAE yard\u0131m u\u00e7a\u011f\u0131 bug\u00fcn \u015eam Uluslararas\u0131 Havaliman\u0131&#8217;na ula\u015ft\u0131. U\u00e7ak, Suriye Arap K\u0131z\u0131lay\u0131&#8217;na ula\u015fan insani yard\u0131m, sa\u011fl\u0131k ve ki\u015fisel bak\u0131m malzemelerinin de aralar\u0131nda bulundu\u011fu 9,6 ton yard\u0131m ta\u015f\u0131yor ve Emirlik K\u0131z\u0131lay\u0131 ve Y\u00fcksek Yard\u0131m Komitesi ile koordineli olarak L\u00fcbnan&#8217;dan gelenlere da\u011f\u0131t\u0131lacak. Bug\u00fcnk\u00fc u\u00e7ak, yerel pazardan sat\u0131n &hellip;<\/p>\n","protected":false},"author":41,"featured_media":311123,"comment_status":"closed","ping_status":"closed","sticky":false,"template":"","format":"standard","meta":{"footnotes":""},"categories":[458,589,459,17988],"tags":[42840],"class_list":["post-311122","post","type-post","status-publish","format-standard","has-post-thumbnail","","category-dunya1","category-haber-seridi","category-haberler-arap-uluslararasi-politika","category-son-haberler","tag-lubnandan-gelenler-icin-yardim-tasiyan-bae-ucagi-sam-uluslararasi-havalimanina-geldi"],"_links":{"self":[{"href":"https:\/\/archive.sana.sy\/tr\/index.php?rest_route=\/wp\/v2\/posts\/311122","targetHints":{"allow":["GET"]}}],"collection":[{"href":"https:\/\/archive.sana.sy\/tr\/index.php?rest_route=\/wp\/v2\/posts"}],"about":[{"href":"https:\/\/archive.sana.sy\/tr\/index.php?rest_route=\/wp\/v2\/types\/post"}],"author":[{"embeddable":true,"href":"https:\/\/archive.sana.sy\/tr\/index.php?rest_route=\/wp\/v2\/users\/41"}],"replies":[{"embeddable":true,"href":"https:\/\/archive.sana.sy\/tr\/index.php?rest_route=%2Fwp%2Fv2%2Fcomments&post=311122"}],"version-history":[{"count":1,"href":"https:\/\/archive.sana.sy\/tr\/index.php?rest_route=\/wp\/v2\/posts\/311122\/revisions"}],"predecessor-version":[{"id":311125,"href":"https:\/\/archive.sana.sy\/tr\/index.php?rest_route=\/wp\/v2\/posts\/311122\/revisions\/311125"}],"wp:featuredmedia":[{"embeddable":true,"href":"https:\/\/archive.sana.sy\/tr\/index.php?rest_route=\/wp\/v2\/media\/311123"}],"wp:attachment":[{"href":"https:\/\/archive.sana.sy\/tr\/index.php?rest_route=%2Fwp%2Fv2%2Fmedia&parent=311122"}],"wp:term":[{"taxonomy":"category","embeddable":true,"href":"https:\/\/archive.sana.sy\/tr\/index.php?rest_route=%2Fwp%2Fv2%2Fcategories&post=311122"},{"taxonomy":"post_tag","embeddable":true,"href":"https:\/\/archive.sana.sy\/tr\/index.php?rest_route=%2Fwp%2Fv2%2Ftags&post=311122"}],"curies":[{"name":"wp","href":"https:\/\/api.w.org\/{rel}","templated":true}]}}