{"id":311175,"date":"2024-11-09T10:10:24","date_gmt":"2024-11-09T07:10:24","guid":{"rendered":"https:\/\/sana.sy\/tr\/?p=311175"},"modified":"2024-11-09T10:10:24","modified_gmt":"2024-11-09T07:10:24","slug":"gazze-ve-han-yunusa-yonelik-isgal-bombardimani-sonucu-14-sehit-ve-cok-sayida-yarali","status":"publish","type":"post","link":"https:\/\/archive.sana.sy\/tr\/?p=311175","title":{"rendered":"Gazze Ve Han Yunus&#8217;a Y\u00f6nelik \u0130\u015fgal Bombard\u0131man\u0131 Sonucu 14 \u015eehit Ve \u00c7ok Say\u0131da Yaral\u0131"},"content":{"rendered":"<p style=\"text-align: justify;\"><strong>\u0130\u015eGAL ED\u0130LEN KUD\u00dcS (SANA) &#8211;<\/strong> \u0130srail&#8217;in Gazze ve Han Yunus kentlerine y\u00f6nelik i\u015fgal sald\u0131rganl\u0131klar\u0131nda 14 Filistinli \u015fehit d\u00fc\u015ft\u00fc.<\/p>\n<p style=\"text-align: justify;\">WAFA Ajans\u0131, Gazze \u015eehri&#8217;nin Yafa Caddesi&#8217;nde yerlerinden edilmi\u015f ki\u015filerin bar\u0131nd\u0131\u011f\u0131 bir okulu hedef alan i\u015fgal sonucunda 5 Filistinlinin \u015fehit oldu\u011funu, di\u011ferlerinin de yaraland\u0131\u011f\u0131n\u0131 bildirdi.<\/p>\n<p style=\"text-align: justify;\">Filistin K\u0131z\u0131lay\u0131&#8217;na ba\u011fl\u0131 sa\u011fl\u0131k g\u00f6revlileri, i\u015fgal u\u00e7aklar\u0131n\u0131n kentte yerinden edilmi\u015f insanlar\u0131n bar\u0131nd\u0131\u011f\u0131 \u00e7ad\u0131rlar\u0131 bombalamas\u0131 sonras\u0131nda Gazze \u015eeridi&#8217;nin g\u00fcneyindeki Han Yunus kentindeki Nasser Hastanesi&#8217;ne 9 \u015fehit ve \u00e7ok say\u0131da yaral\u0131y\u0131 nakletti.<\/p>\n<p style=\"text-align: center;\"><strong><a href=\"https:\/\/t.me\/SuriyeArapHaberAjansI\">Telegram Kanal\u0131m\u0131z\u00a0<\/a>||<a href=\"https:\/\/twitter.com\/arap_ajans\">X Platformumuz\u00a0<\/a>||<a href=\"https:\/\/www.facebook.com\/SANAHaberAjansi\/\">Facebook Sayfam\u0131z<\/a><\/strong><\/p>\n","protected":false},"excerpt":{"rendered":"<p>\u0130\u015eGAL ED\u0130LEN KUD\u00dcS (SANA) &#8211; \u0130srail&#8217;in Gazze ve Han Yunus kentlerine y\u00f6nelik i\u015fgal sald\u0131rganl\u0131klar\u0131nda 14 Filistinli \u015fehit d\u00fc\u015ft\u00fc. WAFA Ajans\u0131, Gazze \u015eehri&#8217;nin Yafa Caddesi&#8217;nde yerlerinden edilmi\u015f ki\u015filerin bar\u0131nd\u0131\u011f\u0131 bir okulu hedef alan i\u015fgal sonucunda 5 Filistinlinin \u015fehit oldu\u011funu, di\u011ferlerinin de yaraland\u0131\u011f\u0131n\u0131 bildirdi. Filistin K\u0131z\u0131lay\u0131&#8217;na ba\u011fl\u0131 sa\u011fl\u0131k g\u00f6revlileri, i\u015fgal u\u00e7aklar\u0131n\u0131n kentte yerinden edilmi\u015f insanlar\u0131n bar\u0131nd\u0131\u011f\u0131 \u00e7ad\u0131rlar\u0131 &hellip;<\/p>\n","protected":false},"author":41,"featured_media":311176,"comment_status":"closed","ping_status":"closed","sticky":false,"template":"","format":"standard","meta":{"footnotes":""},"categories":[458,589,459,17988],"tags":[42846],"class_list":["post-311175","post","type-post","status-publish","format-standard","has-post-thumbnail","","category-dunya1","category-haber-seridi","category-haberler-arap-uluslararasi-politika","category-son-haberler","tag-gazze-ve-han-yunusa-yonelik-isgal-bombardimani-sonucu-14-sehit-ve-cok-sayida-yarali"],"_links":{"self":[{"href":"https:\/\/archive.sana.sy\/tr\/index.php?rest_route=\/wp\/v2\/posts\/311175","targetHints":{"allow":["GET"]}}],"collection":[{"href":"https:\/\/archive.sana.sy\/tr\/index.php?rest_route=\/wp\/v2\/posts"}],"about":[{"href":"https:\/\/archive.sana.sy\/tr\/index.php?rest_route=\/wp\/v2\/types\/post"}],"author":[{"embeddable":true,"href":"https:\/\/archive.sana.sy\/tr\/index.php?rest_route=\/wp\/v2\/users\/41"}],"replies":[{"embeddable":true,"href":"https:\/\/archive.sana.sy\/tr\/index.php?rest_route=%2Fwp%2Fv2%2Fcomments&post=311175"}],"version-history":[{"count":1,"href":"https:\/\/archive.sana.sy\/tr\/index.php?rest_route=\/wp\/v2\/posts\/311175\/revisions"}],"predecessor-version":[{"id":311177,"href":"https:\/\/archive.sana.sy\/tr\/index.php?rest_route=\/wp\/v2\/posts\/311175\/revisions\/311177"}],"wp:featuredmedia":[{"embeddable":true,"href":"https:\/\/archive.sana.sy\/tr\/index.php?rest_route=\/wp\/v2\/media\/311176"}],"wp:attachment":[{"href":"https:\/\/archive.sana.sy\/tr\/index.php?rest_route=%2Fwp%2Fv2%2Fmedia&parent=311175"}],"wp:term":[{"taxonomy":"category","embeddable":true,"href":"https:\/\/archive.sana.sy\/tr\/index.php?rest_route=%2Fwp%2Fv2%2Fcategories&post=311175"},{"taxonomy":"post_tag","embeddable":true,"href":"https:\/\/archive.sana.sy\/tr\/index.php?rest_route=%2Fwp%2Fv2%2Ftags&post=311175"}],"curies":[{"name":"wp","href":"https:\/\/api.w.org\/{rel}","templated":true}]}}