{"id":311178,"date":"2024-11-09T10:00:39","date_gmt":"2024-11-09T07:00:39","guid":{"rendered":"https:\/\/sana.sy\/tr\/?p=311178"},"modified":"2024-11-09T10:40:14","modified_gmt":"2024-11-09T07:40:14","slug":"iran-disisleri-bakanligi-tahranin-amerikali-yetkilileri-hedef-alarak-mudahale-ettigi-iddialari-siyonist-cevrelerin-uydurdugu-bir-komplodur","status":"publish","type":"post","link":"https:\/\/archive.sana.sy\/tr\/?p=311178","title":{"rendered":"\u0130ran D\u0131\u015fi\u015fleri Bakanl\u0131\u011f\u0131: Tahran&#8217;\u0131n Amerikal\u0131 Yetkilileri Hedef Alarak M\u00fcdahale Etti\u011fi \u0130ddialar\u0131 Siyonist \u00c7evrelerin Uydurdu\u011fu Bir Komplodur"},"content":{"rendered":"<p style=\"text-align: justify;\"><strong>TAHRAN (SANA) &#8211;<\/strong> \u0130ran D\u0131\u015fi\u015fleri Bakanl\u0131\u011f\u0131 s\u00f6zc\u00fcs\u00fc \u0130smail Bekai, \u0130ran&#8217;\u0131n \u015fu anda baz\u0131 Amerikal\u0131 yetkilileri hedef almaya \u00e7al\u0131\u015ft\u0131\u011f\u0131na dair tekrarlanan iddialar\u0131n, \u0130ran ve Amerikan taraflar\u0131 aras\u0131ndaki \u00e7\u00f6z\u00fclmemi\u015f sorunlar\u0131 karma\u015f\u0131kla\u015ft\u0131rmay\u0131 ama\u00e7layan i\u011fren\u00e7 bir Siyonist komplosu oldu\u011funu vurgulad\u0131.<\/p>\n<p style=\"text-align: justify;\">Bekai bug\u00fcn IRNA&#8217;n\u0131n haberine g\u00f6re yapt\u0131\u011f\u0131 a\u00e7\u0131klamada \u015funlar\u0131 s\u00f6yledi: &#8220;\u0130ran&#8217;\u0131n eski veya mevcut Amerikal\u0131 yetkilileri hedef almak amac\u0131yla m\u00fcdahale etti\u011fi iddialar\u0131 temelsizdir ve tamamen reddedilmi\u015ftir.&#8221;<\/p>\n<p style=\"text-align: justify;\">Bekai ayr\u0131ca, \u0130ran&#8217;\u0131n ge\u00e7mi\u015fte de yapt\u0131\u011f\u0131, tamamen yalanlad\u0131\u011f\u0131 ve as\u0131ls\u0131z oldu\u011fu kan\u0131tlanan benzer su\u00e7lamalara de\u011finerek, &#8220;Bu iddialar\u0131n \u015fu anda tekrarlanmas\u0131, Siyonist yap\u0131n\u0131n ve kar\u015f\u0131 \u00e7\u0131kanlar\u0131n i\u011fren\u00e7 bir komplosundan ba\u015fka bir \u015fey de\u011fildir&#8221; dedi.<\/p>\n<p style=\"text-align: justify;\">Bekai, \u0130ran halk\u0131n\u0131n haklar\u0131n\u0131 elde etmek i\u00e7in \u0130ran&#8217;\u0131n i\u00e7 ve uluslararas\u0131 d\u00fczeyde t\u00fcm me\u015fru ve hukuki ara\u00e7lar\u0131 kullanaca\u011f\u0131n\u0131 da kaydetti.<\/p>\n<p style=\"text-align: center;\"><strong><a href=\"https:\/\/t.me\/SuriyeArapHaberAjansI\">Telegram Kanal\u0131m\u0131z\u00a0<\/a>||<a href=\"https:\/\/twitter.com\/arap_ajans\">X Platformumuz\u00a0<\/a>||<a href=\"https:\/\/www.facebook.com\/SANAHaberAjansi\/\">Facebook Sayfam\u0131z<\/a><\/strong><\/p>\n<p>&nbsp;<\/p>\n<p><em>\u00a0<\/em><\/p>\n<p>&nbsp;<\/p>\n<p>&nbsp;<\/p>\n","protected":false},"excerpt":{"rendered":"<p>TAHRAN (SANA) &#8211; \u0130ran D\u0131\u015fi\u015fleri Bakanl\u0131\u011f\u0131 s\u00f6zc\u00fcs\u00fc \u0130smail Bekai, \u0130ran&#8217;\u0131n \u015fu anda baz\u0131 Amerikal\u0131 yetkilileri hedef almaya \u00e7al\u0131\u015ft\u0131\u011f\u0131na dair tekrarlanan iddialar\u0131n, \u0130ran ve Amerikan taraflar\u0131 aras\u0131ndaki \u00e7\u00f6z\u00fclmemi\u015f sorunlar\u0131 karma\u015f\u0131kla\u015ft\u0131rmay\u0131 ama\u00e7layan i\u011fren\u00e7 bir Siyonist komplosu oldu\u011funu vurgulad\u0131. Bekai bug\u00fcn IRNA&#8217;n\u0131n haberine g\u00f6re yapt\u0131\u011f\u0131 a\u00e7\u0131klamada \u015funlar\u0131 s\u00f6yledi: &#8220;\u0130ran&#8217;\u0131n eski veya mevcut Amerikal\u0131 yetkilileri hedef almak amac\u0131yla m\u00fcdahale &hellip;<\/p>\n","protected":false},"author":41,"featured_media":311179,"comment_status":"closed","ping_status":"closed","sticky":false,"template":"","format":"standard","meta":{"footnotes":""},"categories":[458,589,459,17988],"tags":[42847],"class_list":["post-311178","post","type-post","status-publish","format-standard","has-post-thumbnail","","category-dunya1","category-haber-seridi","category-haberler-arap-uluslararasi-politika","category-son-haberler","tag-iran-disisleri-bakanligi-tahranin-amerikali-yetkilileri-hedef-alarak-mudahale-ettigi-iddialari-siyonist-cevrelerin-uydurdugu-bir-komplodur"],"_links":{"self":[{"href":"https:\/\/archive.sana.sy\/tr\/index.php?rest_route=\/wp\/v2\/posts\/311178","targetHints":{"allow":["GET"]}}],"collection":[{"href":"https:\/\/archive.sana.sy\/tr\/index.php?rest_route=\/wp\/v2\/posts"}],"about":[{"href":"https:\/\/archive.sana.sy\/tr\/index.php?rest_route=\/wp\/v2\/types\/post"}],"author":[{"embeddable":true,"href":"https:\/\/archive.sana.sy\/tr\/index.php?rest_route=\/wp\/v2\/users\/41"}],"replies":[{"embeddable":true,"href":"https:\/\/archive.sana.sy\/tr\/index.php?rest_route=%2Fwp%2Fv2%2Fcomments&post=311178"}],"version-history":[{"count":1,"href":"https:\/\/archive.sana.sy\/tr\/index.php?rest_route=\/wp\/v2\/posts\/311178\/revisions"}],"predecessor-version":[{"id":311180,"href":"https:\/\/archive.sana.sy\/tr\/index.php?rest_route=\/wp\/v2\/posts\/311178\/revisions\/311180"}],"wp:featuredmedia":[{"embeddable":true,"href":"https:\/\/archive.sana.sy\/tr\/index.php?rest_route=\/wp\/v2\/media\/311179"}],"wp:attachment":[{"href":"https:\/\/archive.sana.sy\/tr\/index.php?rest_route=%2Fwp%2Fv2%2Fmedia&parent=311178"}],"wp:term":[{"taxonomy":"category","embeddable":true,"href":"https:\/\/archive.sana.sy\/tr\/index.php?rest_route=%2Fwp%2Fv2%2Fcategories&post=311178"},{"taxonomy":"post_tag","embeddable":true,"href":"https:\/\/archive.sana.sy\/tr\/index.php?rest_route=%2Fwp%2Fv2%2Ftags&post=311178"}],"curies":[{"name":"wp","href":"https:\/\/api.w.org\/{rel}","templated":true}]}}