{"id":311195,"date":"2024-11-09T14:32:46","date_gmt":"2024-11-09T11:32:46","guid":{"rendered":"https:\/\/sana.sy\/tr\/?p=311195"},"modified":"2024-11-09T17:34:31","modified_gmt":"2024-11-09T14:34:31","slug":"rus-gucleri-kurskta-300den-fazla-ukraynali-askeri-oldurdu","status":"publish","type":"post","link":"https:\/\/archive.sana.sy\/tr\/?p=311195","title":{"rendered":"Rus G\u00fc\u00e7leri Kursk&#8217;ta 300&#8217;den Fazla Ukraynal\u0131 Askeri \u00d6ld\u00fcrd\u00fc"},"content":{"rendered":"<p style=\"text-align: justify;\"><strong>MOSKOVA (SANA)<\/strong> &#8211; Rusya Savunma Bakanl\u0131\u011f\u0131, g\u00fc\u00e7lerinin Kursk eksenine s\u0131zan ve a\u011f\u0131r kay\u0131plar veren Kiev rejimi g\u00fc\u00e7lerine ait gruplarla \u00e7at\u0131\u015fmaya ve onlar\u0131 takip etmeye devam etti\u011fini duyurdu.<\/p>\n<p style=\"text-align: justify;\">Bakanl\u0131k, Novosti&#8217;nin haberine g\u00f6re yapt\u0131\u011f\u0131 a\u00e7\u0131klamada \u015funlar\u0131 s\u00f6yledi: \u2018\u2019Rus g\u00fc\u00e7leri son 24 saatte Ukrayna&#8217;n\u0131n Kursk vilayetindeki 7 kar\u015f\u0131 sald\u0131r\u0131s\u0131na kar\u015f\u0131l\u0131k verdi. Kiev rejimi g\u00fc\u00e7lerinin kay\u0131plar\u0131 ise \u00e7ok say\u0131da tank ve muharebe ekipman\u0131n\u0131n yan\u0131 s\u0131ra 300&#8217;den fazla askere ula\u015ft\u0131.\u2019\u2019<\/p>\n<p style=\"text-align: justify;\">A\u00e7\u0131klamada, ge\u00e7ti\u011fimiz A\u011fustos ay\u0131nda Kursk ekseninde muharebe operasyonlar\u0131n\u0131n ba\u015flamas\u0131ndan bu yana Kiev rejim g\u00fc\u00e7lerinin toplam kay\u0131plar\u0131n\u0131n 30 bin 800&#8217;den fazla asker oldu\u011fu belirtildi.<\/p>\n<p style=\"text-align: center;\"><strong><a href=\"https:\/\/t.me\/SuriyeArapHaberAjansI\">Telegram Kanal\u0131m\u0131z\u00a0<\/a>||<a href=\"https:\/\/twitter.com\/arap_ajans\">X Platformumuz\u00a0<\/a>||<a href=\"https:\/\/www.facebook.com\/SANAHaberAjansi\/\">Facebook Sayfam\u0131z<\/a><\/strong><\/p>\n","protected":false},"excerpt":{"rendered":"<p>MOSKOVA (SANA) &#8211; Rusya Savunma Bakanl\u0131\u011f\u0131, g\u00fc\u00e7lerinin Kursk eksenine s\u0131zan ve a\u011f\u0131r kay\u0131plar veren Kiev rejimi g\u00fc\u00e7lerine ait gruplarla \u00e7at\u0131\u015fmaya ve onlar\u0131 takip etmeye devam etti\u011fini duyurdu. Bakanl\u0131k, Novosti&#8217;nin haberine g\u00f6re yapt\u0131\u011f\u0131 a\u00e7\u0131klamada \u015funlar\u0131 s\u00f6yledi: \u2018\u2019Rus g\u00fc\u00e7leri son 24 saatte Ukrayna&#8217;n\u0131n Kursk vilayetindeki 7 kar\u015f\u0131 sald\u0131r\u0131s\u0131na kar\u015f\u0131l\u0131k verdi. Kiev rejimi g\u00fc\u00e7lerinin kay\u0131plar\u0131 ise \u00e7ok say\u0131da &hellip;<\/p>\n","protected":false},"author":41,"featured_media":311196,"comment_status":"closed","ping_status":"closed","sticky":false,"template":"","format":"standard","meta":{"footnotes":""},"categories":[458,589,459,479,17988,478],"tags":[42850],"class_list":["post-311195","post","type-post","status-publish","format-standard","has-post-thumbnail","","category-dunya1","category-haber-seridi","category-haberler-arap-uluslararasi-politika","category-haberler-yerel","category-son-haberler","category-yerel","tag-rus-gucleri-kurskta-300den-fazla-ukraynali-askeri-oldurdu"],"_links":{"self":[{"href":"https:\/\/archive.sana.sy\/tr\/index.php?rest_route=\/wp\/v2\/posts\/311195","targetHints":{"allow":["GET"]}}],"collection":[{"href":"https:\/\/archive.sana.sy\/tr\/index.php?rest_route=\/wp\/v2\/posts"}],"about":[{"href":"https:\/\/archive.sana.sy\/tr\/index.php?rest_route=\/wp\/v2\/types\/post"}],"author":[{"embeddable":true,"href":"https:\/\/archive.sana.sy\/tr\/index.php?rest_route=\/wp\/v2\/users\/41"}],"replies":[{"embeddable":true,"href":"https:\/\/archive.sana.sy\/tr\/index.php?rest_route=%2Fwp%2Fv2%2Fcomments&post=311195"}],"version-history":[{"count":1,"href":"https:\/\/archive.sana.sy\/tr\/index.php?rest_route=\/wp\/v2\/posts\/311195\/revisions"}],"predecessor-version":[{"id":311197,"href":"https:\/\/archive.sana.sy\/tr\/index.php?rest_route=\/wp\/v2\/posts\/311195\/revisions\/311197"}],"wp:featuredmedia":[{"embeddable":true,"href":"https:\/\/archive.sana.sy\/tr\/index.php?rest_route=\/wp\/v2\/media\/311196"}],"wp:attachment":[{"href":"https:\/\/archive.sana.sy\/tr\/index.php?rest_route=%2Fwp%2Fv2%2Fmedia&parent=311195"}],"wp:term":[{"taxonomy":"category","embeddable":true,"href":"https:\/\/archive.sana.sy\/tr\/index.php?rest_route=%2Fwp%2Fv2%2Fcategories&post=311195"},{"taxonomy":"post_tag","embeddable":true,"href":"https:\/\/archive.sana.sy\/tr\/index.php?rest_route=%2Fwp%2Fv2%2Ftags&post=311195"}],"curies":[{"name":"wp","href":"https:\/\/api.w.org\/{rel}","templated":true}]}}