{"id":311301,"date":"2024-11-11T15:34:01","date_gmt":"2024-11-11T12:34:01","guid":{"rendered":"https:\/\/sana.sy\/tr\/?p=311301"},"modified":"2024-11-11T19:57:36","modified_gmt":"2024-11-11T16:57:36","slug":"astana-formatindaki-22-uluslararasi-toplantiya-katilan-suriye-heyeti-rusya-ve-iran-heyetleriyle-gorustu","status":"publish","type":"post","link":"https:\/\/archive.sana.sy\/tr\/?p=311301","title":{"rendered":"Astana Format\u0131ndaki 22. Uluslararas\u0131 Toplant\u0131ya Kat\u0131lan Suriye Heyeti, Rusya Ve \u0130ran Heyetleriyle G\u00f6r\u00fc\u015ft\u00fc"},"content":{"rendered":"<p style=\"text-align: justify;\"><strong>ASTANA (SANA)<\/strong> &#8211; D\u0131\u015fi\u015fleri ve Gurbet\u00e7iler Bakan Yard\u0131mc\u0131s\u0131 Eymen Raad ba\u015fkanl\u0131\u011f\u0131nda Astana format\u0131nda d\u00fczenlenen yirmi ikinci uluslararas\u0131 Suriye toplant\u0131s\u0131na kat\u0131lan Suriye Arap Cumhuriyeti heyeti, Rusya Devlet Ba\u015fkan\u0131&#8217;n\u0131n Suriye \u00d6zel Temsilcisi Alexander Lavrentiev ba\u015fkanl\u0131\u011f\u0131ndaki Rusya Federasyonu heyetiyle g\u00f6r\u00fc\u015ft\u00fc.<\/p>\n<p style=\"text-align: justify;\">Suriye heyeti, \u0130srail&#8217;in Suriye topraklar\u0131na y\u00f6nelik tekrarlanan sald\u0131rganl\u0131klar\u0131n\u0131n ciddiyetini, Filistinlilere ve L\u00fcbnanl\u0131lara y\u00f6nelik devam eden sald\u0131rganl\u0131\u011f\u0131n\u0131 ve bu sald\u0131rganl\u0131\u011f\u0131n b\u00f6lge \u00fczerindeki y\u0131k\u0131c\u0131 etkilerini anlatt\u0131.<\/p>\n<p style=\"text-align: justify;\">Buna kar\u015f\u0131l\u0131k Rus ve \u0130ran heyetleri, Suriye h\u00fck\u00fcmetinin L\u00fcbnan&#8217;dan gelenlerin kabul\u00fcnde g\u00f6sterdi\u011fi \u00e7abalara \u00f6vg\u00fcde bulunarak, Suriye&#8217;nin egemenli\u011fini ve toprak b\u00fct\u00fcnl\u00fc\u011f\u00fcn\u00fc koruma konusunda devam eden deste\u011fi vurgulad\u0131.<\/p>\n<p style=\"text-align: justify;\">Toplant\u0131n\u0131n oturum aralar\u0131nda Suriye heyeti, Birle\u015fmi\u015f Milletler Genel Sekreteri&#8217;nin Suriye \u00d6zel Temsilcisi Geir Pedersen ile bir araya geldi. G\u00f6r\u00fc\u015fmede kendisine verilen g\u00f6revle ilgili konular ele al\u0131nd\u0131.<\/p>\n<p style=\"text-align: justify;\">\u0130ki g\u00fcn s\u00fcren toplant\u0131ya Suriye heyetinin yan\u0131 s\u0131ra garant\u00f6r \u00fclke (Rusya, T\u00fcrkiye ve \u0130ran) heyetlerinin yan\u0131 s\u0131ra Birle\u015fmi\u015f Milletler, \u00dcrd\u00fcn, L\u00fcbnan ve Irak&#8217;tan da g\u00f6zlemci olarak delegeler kat\u0131l\u0131yor.<\/p>\n<div id='gallery-1' class='gallery galleryid-311301 gallery-columns-2 gallery-size-medium'><figure class='gallery-item'>\n\t\t\t<div class='gallery-icon landscape'>\n\t\t\t\t<a href='https:\/\/archive.sana.sy\/tr\/?attachment_id=311303'><img loading=\"lazy\" decoding=\"async\" width=\"300\" height=\"205\" src=\"https:\/\/archive.sana.sy\/tr\/wp-content\/uploads\/2024\/11\/2-3-300x205.jpg\" class=\"attachment-medium size-medium\" alt=\"\" srcset=\"https:\/\/archive.sana.sy\/tr\/wp-content\/uploads\/2024\/11\/2-3-300x205.jpg 300w, https:\/\/archive.sana.sy\/tr\/wp-content\/uploads\/2024\/11\/2-3-110x75.jpg 110w, https:\/\/archive.sana.sy\/tr\/wp-content\/uploads\/2024\/11\/2-3.jpg 660w\" sizes=\"auto, (max-width: 300px) 100vw, 300px\" \/><\/a>\n\t\t\t<\/div><\/figure><figure class='gallery-item'>\n\t\t\t<div class='gallery-icon landscape'>\n\t\t\t\t<a href='https:\/\/archive.sana.sy\/tr\/?attachment_id=311304'><img loading=\"lazy\" decoding=\"async\" width=\"300\" height=\"196\" src=\"https:\/\/archive.sana.sy\/tr\/wp-content\/uploads\/2024\/11\/1-4-300x196.jpg\" class=\"attachment-medium size-medium\" alt=\"\" srcset=\"https:\/\/archive.sana.sy\/tr\/wp-content\/uploads\/2024\/11\/1-4-300x196.jpg 300w, https:\/\/archive.sana.sy\/tr\/wp-content\/uploads\/2024\/11\/1-4.jpg 660w\" sizes=\"auto, (max-width: 300px) 100vw, 300px\" \/><\/a>\n\t\t\t<\/div><\/figure>\n\t\t<\/div>\n\n<p style=\"text-align: center;\"><strong><a href=\"https:\/\/t.me\/SuriyeArapHaberAjansI\">Telegram Kanal\u0131m\u0131z\u00a0<\/a>||<a href=\"https:\/\/twitter.com\/arap_ajans\">X Platformumuz\u00a0<\/a>||<a href=\"https:\/\/www.facebook.com\/SANAHaberAjansi\/\">Facebook Sayfam\u0131z<\/a><\/strong><\/p>\n","protected":false},"excerpt":{"rendered":"<p>ASTANA (SANA) &#8211; D\u0131\u015fi\u015fleri ve Gurbet\u00e7iler Bakan Yard\u0131mc\u0131s\u0131 Eymen Raad ba\u015fkanl\u0131\u011f\u0131nda Astana format\u0131nda d\u00fczenlenen yirmi ikinci uluslararas\u0131 Suriye toplant\u0131s\u0131na kat\u0131lan Suriye Arap Cumhuriyeti heyeti, Rusya Devlet Ba\u015fkan\u0131&#8217;n\u0131n Suriye \u00d6zel Temsilcisi Alexander Lavrentiev ba\u015fkanl\u0131\u011f\u0131ndaki Rusya Federasyonu heyetiyle g\u00f6r\u00fc\u015ft\u00fc. Suriye heyeti, \u0130srail&#8217;in Suriye topraklar\u0131na y\u00f6nelik tekrarlanan sald\u0131rganl\u0131klar\u0131n\u0131n ciddiyetini, Filistinlilere ve L\u00fcbnanl\u0131lara y\u00f6nelik devam eden sald\u0131rganl\u0131\u011f\u0131n\u0131 ve bu &hellip;<\/p>\n","protected":false},"author":41,"featured_media":311302,"comment_status":"closed","ping_status":"closed","sticky":false,"template":"","format":"standard","meta":{"footnotes":""},"categories":[458,589,459,17988,2554,2555],"tags":[42859,42860,38280,42861],"class_list":["post-311301","post","type-post","status-publish","format-standard","has-post-thumbnail","","category-dunya1","category-haber-seridi","category-haberler-arap-uluslararasi-politika","category-son-haberler","category-suriye-ve-dunya","category-suriye-ve-turkiye","tag-astana-formatindaki-22-uluslararasi-toplantiya-katilan-suriye-heyeti","tag-rusya-ve-iran-heyetleriyle-gorustu","tag-suriye-ile-normallesme","tag-suriye-ve-turkiye-arasindaki-normallesme"],"_links":{"self":[{"href":"https:\/\/archive.sana.sy\/tr\/index.php?rest_route=\/wp\/v2\/posts\/311301","targetHints":{"allow":["GET"]}}],"collection":[{"href":"https:\/\/archive.sana.sy\/tr\/index.php?rest_route=\/wp\/v2\/posts"}],"about":[{"href":"https:\/\/archive.sana.sy\/tr\/index.php?rest_route=\/wp\/v2\/types\/post"}],"author":[{"embeddable":true,"href":"https:\/\/archive.sana.sy\/tr\/index.php?rest_route=\/wp\/v2\/users\/41"}],"replies":[{"embeddable":true,"href":"https:\/\/archive.sana.sy\/tr\/index.php?rest_route=%2Fwp%2Fv2%2Fcomments&post=311301"}],"version-history":[{"count":2,"href":"https:\/\/archive.sana.sy\/tr\/index.php?rest_route=\/wp\/v2\/posts\/311301\/revisions"}],"predecessor-version":[{"id":311338,"href":"https:\/\/archive.sana.sy\/tr\/index.php?rest_route=\/wp\/v2\/posts\/311301\/revisions\/311338"}],"wp:featuredmedia":[{"embeddable":true,"href":"https:\/\/archive.sana.sy\/tr\/index.php?rest_route=\/wp\/v2\/media\/311302"}],"wp:attachment":[{"href":"https:\/\/archive.sana.sy\/tr\/index.php?rest_route=%2Fwp%2Fv2%2Fmedia&parent=311301"}],"wp:term":[{"taxonomy":"category","embeddable":true,"href":"https:\/\/archive.sana.sy\/tr\/index.php?rest_route=%2Fwp%2Fv2%2Fcategories&post=311301"},{"taxonomy":"post_tag","embeddable":true,"href":"https:\/\/archive.sana.sy\/tr\/index.php?rest_route=%2Fwp%2Fv2%2Ftags&post=311301"}],"curies":[{"name":"wp","href":"https:\/\/api.w.org\/{rel}","templated":true}]}}