{"id":311308,"date":"2024-11-11T16:18:17","date_gmt":"2024-11-11T13:18:17","guid":{"rendered":"https:\/\/sana.sy\/tr\/?p=311308"},"modified":"2024-11-13T16:19:52","modified_gmt":"2024-11-13T13:19:52","slug":"olaganustu-arap-ve-islam-zirvesinde-cumhurbaskani-esad-artik-oncelik-katliamlari-soykirimi-ve-etnik-temizligi-durdurmaktir","status":"publish","type":"post","link":"https:\/\/archive.sana.sy\/tr\/?p=311308","title":{"rendered":"Cumhurba\u015fkan\u0131 Esad: \u0130htiyac\u0131m\u0131z Olan \u015eey, Siyonist Katliamlar\u0131, Soyk\u0131r\u0131m\u0131 Ve Etnik Temizli\u011fi Durdurmak \u0130\u00e7in Sahip Oldu\u011fumuz Ara\u00e7lar\u0131 Kullanma Karar\u0131d\u0131r"},"content":{"rendered":"<p style=\"text-align: justify;\"><span style=\"color: #ff0000;\"><strong>R\u0130YAD (SANA)<\/strong> &#8211;<\/span> \u00a0Cumhurba\u015fkan\u0131 Be\u015f\u015far Esad, mevcut \u00f6nceli\u011fin Siyonist varl\u0131k taraf\u0131ndan ger\u00e7ekle\u015ftirilen katliamlar\u0131, soyk\u0131r\u0131m\u0131 ve etnik temizli\u011fi durdurmak oldu\u011funu ve Filistin halk\u0131n\u0131n me\u015fru haklar\u0131n\u0131 yeniden tesis etmek i\u00e7in \u00e7al\u0131\u015fman\u0131n \u00f6nemini vurgulad\u0131.<\/p>\n<p style=\"text-align: justify;\">Cumhurba\u015fkan\u0131 Esad, \u0130srail&#8217;in Filistin topraklar\u0131 ve L\u00fcbnan&#8217;a y\u00f6nelik devam eden sald\u0131rganl\u0131\u011f\u0131n\u0131n yans\u0131malar\u0131n\u0131 ve b\u00f6lgedeki durumdaki geli\u015fmeleri g\u00f6r\u00fc\u015fmek \u00fczere Riyad&#8217;da d\u00fczenlenen ola\u011fan\u00fcst\u00fc Arap ve \u0130slam zirvesinde yapt\u0131\u011f\u0131 konu\u015fmada Araplar ve M\u00fcsl\u00fcmanlar, \u00fclkeler ve halklar olarak halk ve resmi olarak ara\u00e7lara birlikte sahip oldu\u011fumuzu ve ihtiyac\u0131m\u0131z olan \u015feyin bunlar\u0131 kullanma karar\u0131 oldu\u011funu kaydetti.<\/p>\n<p style=\"text-align: justify;\">Say\u0131n Cumhurba\u015fkan\u0131 Esad ayr\u0131ca, hukuki anlamda bir devletle de\u011fil, hukukun d\u0131\u015f\u0131nda s\u00f6m\u00fcrgeci bir varl\u0131kla ve uygar anlamda bir halkla de\u011fil, insanl\u0131ktan \u00e7ok barbarl\u0131\u011fa yak\u0131n yerle\u015fimci s\u00fcr\u00fcleriyle kar\u015f\u0131 kar\u015f\u0131ya oldu\u011fumuzu vurgulad\u0131.<\/p>\n<p style=\"text-align: justify;\"><strong><span style=\"color: #0000ff;\">Konu\u015fman\u0131n tam metni a\u015fa\u011f\u0131dad\u0131r:<\/span> <\/strong><\/p>\n<p style=\"text-align: justify;\">Suudi Arabistan Krall\u0131\u011f\u0131 Veliaht Prensi, Majesteleri Prens Muhammed bin Selman, Ekselanslar\u0131 \u00a0ve Majesteleri\u2026 Filistinlilerin vazge\u00e7ilmez tarihi haklar\u0131ndan ve bunlara ba\u011fl\u0131 kalman\u0131n ka\u00e7\u0131n\u0131lmazl\u0131\u011f\u0131ndan ya da L\u00fcbnan ve Filistin halklar\u0131n\u0131n kararl\u0131l\u0131\u011f\u0131ndan ve onlar\u0131 destekleme y\u00f6n\u00fcndeki acil ve acil g\u00f6revimizden, \u00a0direni\u015fin her iki \u00fclkedeki me\u015fruiyetinden ve b\u00fcnyesinde bar\u0131nd\u0131rd\u0131\u011f\u0131 onur, haysiyet ve incelikten, onurlu liderleri ve cesur sava\u015f\u00e7\u0131lar\u0131yla sa\u011flad\u0131\u011f\u0131 ikonlardan bahsetmeyece\u011fim\u2026. Siyonist i\u015fgalcilerin Nazizminden, su\u00e7lar\u0131ndan, suni varl\u0131klar\u0131ndan, Bat\u0131&#8217;n\u0131n kurulu\u015fundan bu yana bu olu\u015fumun ve su\u00e7lar\u0131n\u0131n destek\u00e7isi olmaktan \u00e7\u0131k\u0131p, bunlar\u0131n do\u011frudan ve ilan edilmi\u015f orta\u011f\u0131na d\u00f6n\u00fc\u015fmesinden bahsetmeyece\u011fim. Bu, bug\u00fcn Araplar\u0131n ve M\u00fcsl\u00fcmanlar\u0131n \u00e7o\u011funlu\u011funun bildi\u011fi ve d\u00fcnyadaki pek \u00e7ok ki\u015finin bildi\u011fine hi\u00e7bir \u015fey katmayacakt\u0131r.<\/p>\n<p style=\"text-align: justify;\"><img loading=\"lazy\" decoding=\"async\" class=\"size-medium wp-image-311332 alignright\" src=\"http:\/\/sana.sy\/tr\/wp-content\/uploads\/2024\/11\/\u0627\u0644\u0631\u0626\u064a\u0633-\u0627\u0644\u0623\u0633\u062f-1-300x168.jpg\" alt=\"\" width=\"300\" height=\"168\" srcset=\"https:\/\/archive.sana.sy\/tr\/wp-content\/uploads\/2024\/11\/\u0627\u0644\u0631\u0626\u064a\u0633-\u0627\u0644\u0623\u0633\u062f-1-300x168.jpg 300w, https:\/\/archive.sana.sy\/tr\/wp-content\/uploads\/2024\/11\/\u0627\u0644\u0631\u0626\u064a\u0633-\u0627\u0644\u0623\u0633\u062f-1.jpg 660w\" sizes=\"auto, (max-width: 300px) 100vw, 300px\" \/>Zirvemize gelince, bir y\u0131l \u00f6nce bulu\u015ftuk, ifade ettik, k\u0131nad\u0131k, reddettik ve bir y\u0131l \u00f6nce de su\u00e7 devam etti. Bug\u00fcn, yak\u0131n ge\u00e7mi\u015fi ve olaylar\u0131n\u0131 yeniden \u00fcretmek i\u00e7in mi yoksa gelecek gelece\u011fin yolunu ve beklentilerini de\u011fi\u015ftirmek i\u00e7in mi bulu\u015fuyoruz? \u2026 Ge\u00e7en y\u0131l sald\u0131rganl\u0131\u011f\u0131n durdurulmas\u0131n\u0131 ve Filistinlilerin korunmas\u0131n\u0131 vurgulam\u0131\u015ft\u0131k ve bu y\u0131l\u0131n sonucunda Filistin ve L\u00fcbnan&#8217;da onbinlerce \u015fehit ve milyonlarca yerinden edilmi\u015f insan oldu\u2026 2002&#8217;de Araplar bir bar\u0131\u015f giri\u015fimi ortaya att\u0131lar ve buna kar\u015f\u0131l\u0131k Filistinlilere kar\u015f\u0131 daha fazla katliam oldu.<\/p>\n<p style=\"text-align: justify;\">1991 y\u0131l\u0131nda Araplar olarak Madrid&#8217;deki bar\u0131\u015f s\u00fcrecine kat\u0131larak Amerika&#8217;n\u0131n iyi niyet oyununa girmeye karar verdik. Bizim bar\u0131\u015f\u0131m\u0131z, onlar\u0131n sava\u015flar\u0131 i\u00e7in bir te\u015fvik, onlar\u0131n \u00e7\u00f6z\u00fcm\u00fc i\u00e7in bir mevzuatt\u0131. Bu, yakla\u015f\u0131mlarda bir hata oldu\u011funu de\u011fil, ara\u00e7lar\u0131n haz\u0131rlanmas\u0131nda bir eksiklik oldu\u011funu g\u00f6sterir. Bizim arac\u0131m\u0131z dildir, onlar\u0131n arac\u0131 ise \u00f6ld\u00fcrmektir. Biz s\u00f6yl\u00fcyoruz, onlar da \u015f\u00f6yle diyor: Bar\u0131\u015f sunuyoruz ve kan topluyoruz.<\/p>\n<p style=\"text-align: justify;\">Sonu\u00e7lar\u0131n ayn\u0131 kalmas\u0131, kullan\u0131lan ara\u00e7lar\u0131n ayn\u0131 kalmas\u0131n\u0131 gerektirir. Hepimizin arad\u0131\u011f\u0131 bu sonu\u00e7lar\u0131 de\u011fi\u015ftirmek, defalarca test edilmi\u015f ve defalarca etkisiz kalan mevcut ara\u00e7 ve mekanizmalar\u0131n de\u011fi\u015ftirilmesini gerektirir\u2026 \u00d6nerilen ilkeler \u00fczerinde mutabakata var\u0131rsak bunlar\u0131 ger\u00e7e\u011fe nas\u0131l d\u00f6n\u00fc\u015ft\u00fcrebiliriz? Bu, hedeflerini ve ula\u015fmay\u0131 hedefledi\u011fimiz sonu\u00e7lar\u0131 ve bunlara ula\u015fmak i\u00e7in mevcut ara\u00e7lar\u0131 belirlemek\u00a0 ve niyetten eyleme, plandan ba\u015far\u0131ya, s\u00f6zden ger\u00e7e\u011fe d\u00f6n\u00fc\u015ft\u00fcrecek hedef kitleyi belirlemek i\u00e7in\u2026 \u00a0Filistin halk\u0131n\u0131n izin verilen haklar\u0131ndan bahsederken hedefler herhangi birimize temel g\u00f6r\u00fcnebilir, ancak Filistinliler ya\u015fam hakk\u0131 olan temele sahip olmad\u0131klar\u0131nda bu haklar\u0131n bir b\u00fct\u00fcn olarak de\u011feri nedir?&#8230; D\u00fcnyan\u0131n herhangi bir yerinde, herhangi bir alanda verilen bir hakk\u0131n \u00f6l\u00fcler i\u00e7in de\u011feri nedir?<\/p>\n<p style=\"text-align: justify;\">Bu, t\u00fcm yasal haklar\u0131n yeniden sa\u011flanmas\u0131 i\u00e7in \u00e7al\u0131\u015fman\u0131n \u00f6nemine ra\u011fme art\u0131k \u00f6ncelik katliamlar\u0131n durdurulmas\u0131, soyk\u0131r\u0131m\u0131n durdurulmas\u0131, etnik temizli\u011fin durdurulmas\u0131d\u0131r. Ara\u00e7lara gelince, Araplar ve M\u00fcsl\u00fcmanlar, \u00fclkeler ve halklar olarak kolektif, pop\u00fcler ve resmi olarak bunlara sahip oldu\u011fumuza inan\u0131yorum&#8230; \u0130htiyac\u0131m\u0131z olan \u015fey, varl\u0131\u011f\u0131n <img loading=\"lazy\" decoding=\"async\" class=\"size-medium wp-image-311333 alignright\" src=\"http:\/\/sana.sy\/tr\/wp-content\/uploads\/2024\/11\/987-300x151.jpg\" alt=\"\" width=\"300\" height=\"151\" srcset=\"https:\/\/archive.sana.sy\/tr\/wp-content\/uploads\/2024\/11\/987-300x151.jpg 300w, https:\/\/archive.sana.sy\/tr\/wp-content\/uploads\/2024\/11\/987.jpg 660w\" sizes=\"auto, (max-width: 300px) 100vw, 300px\" \/>a\u00e7\u0131klamada belirtilen ve \u00fczerinde anla\u015fmaya var\u0131lan \u015feye yan\u0131t vermeyi reddetmesi durumunda bu ara\u00e7lar\u0131 kullanma karar\u0131d\u0131r&#8230; ki bu beklenen bir \u015feydir&#8230; O zaman se\u00e7imlerimizi yapmal\u0131y\u0131z. Tekrar k\u0131zacak m\u0131y\u0131z? k\u0131n\u0131yor muyuz? Uluslararas\u0131 toplulu\u011fa m\u0131 seslenece\u011fiz yoksa boykot mu edece\u011fiz? En zay\u0131f inan\u00e7 m\u0131 yoksa ne? Uygulama plan\u0131m\u0131z nedir?<\/p>\n<p style=\"text-align: justify;\">Aksi takdirde soyk\u0131r\u0131m\u0131n devam\u0131n\u0131 te\u015fvik eder ve dolayl\u0131 olarak buna ortak oluruz\u2026 Biz hukuki anlamda bir devletle de\u011fil, hukukun d\u0131\u015f\u0131nda s\u00f6m\u00fcrgeci bir varl\u0131kla kar\u015f\u0131 kar\u015f\u0131yay\u0131z\u2026 Uygar anlamda bir halkla de\u011fil, insanl\u0131ktan ziyade barbarl\u0131\u011fa daha yak\u0131n olan yerle\u015fimci s\u00fcr\u00fcleriyle kar\u015f\u0131 kar\u015f\u0131yay\u0131z.<\/p>\n<p style=\"text-align: justify;\">Sorunun mevcut ak\u0131ls\u0131z a\u015f\u0131r\u0131c\u0131 h\u00fck\u00fcmet ve ge\u00e7en y\u0131l 7 Ekim&#8217;de ya\u015fananlardan deh\u015fete d\u00fc\u015fm\u00fc\u015f bir halk oldu\u011funu s\u00f6ylemek yanl\u0131\u015ft\u0131r&#8230; \u00a0Hepsi tek bir ideolojik zihinle \u00e7al\u0131\u015f\u0131yor; kan d\u00f6ken, \u00fcst\u00fcnl\u00fck yan\u0131lsamas\u0131ndan hasta, y\u00fczeyde Nazizm&#8217;den nefret etmekle ger\u00e7ekte onu onun organik bir par\u00e7as\u0131 olarak sevmek aras\u0131nda \u015fizofreni hastas\u0131 bir zihin&#8230; Bug\u00fcnk\u00fc toplant\u0131m\u0131z\u0131n hedefleri bunlard\u0131r ve sorun da budur. Sorun, ara\u00e7lar\u0131 belirler ve ara\u00e7lar ba\u015far\u0131n\u0131n temelidir. Ba\u015far\u0131l\u0131 olmas\u0131n\u0131 ve do\u011fru kararlar\u0131 almay\u0131 ba\u015faraca\u011f\u0131m\u0131z\u0131 \u00fcmit etti\u011fim bug\u00fcnk\u00fc toplant\u0131m\u0131z\u0131n \u00f6z\u00fc de burada yat\u0131yor. H\u0131rs\u0131za hukuk diliyle, su\u00e7luya ahlak diliyle, katile insanl\u0131k diliyle konu\u015fanlar gibi olmayal\u0131m&#8230; B\u00f6ylece iyi niyetler bir kez daha onlarca y\u0131ld\u0131r iyi niyetlerin ve mekanizma eksikli\u011finin bedelini \u00f6deyen \u00a0Filistin ve L\u00fcbnan halklar\u0131na kar\u015f\u0131 daha fazla \u00f6l\u00fcm\u00fcn ba\u015flang\u0131\u00e7 \u200b\u200bnoktas\u0131 ve te\u015fviki olmas\u0131n&#8230; Ve Allah\u2019\u0131n selam\u0131 \u00fczerinize olsun.&#8221;<\/p>\n<p style=\"text-align: center;\"><strong><a href=\"https:\/\/t.me\/SuriyeArapHaberAjansI\">Telegram Kanal\u0131m\u0131z\u00a0<\/a><span style=\"color: #ff0000;\">||<\/span><a href=\"https:\/\/twitter.com\/arap_ajans\">X Platformumuz\u00a0<\/a><span style=\"color: #ff0000;\">||<\/span><a href=\"https:\/\/www.facebook.com\/SANAHaberAjansi\/\">Facebook Sayfam\u0131z<\/a><\/strong><\/p>\n","protected":false},"excerpt":{"rendered":"<p>R\u0130YAD (SANA) &#8211; \u00a0Cumhurba\u015fkan\u0131 Be\u015f\u015far Esad, mevcut \u00f6nceli\u011fin Siyonist varl\u0131k taraf\u0131ndan ger\u00e7ekle\u015ftirilen katliamlar\u0131, soyk\u0131r\u0131m\u0131 ve etnik temizli\u011fi durdurmak oldu\u011funu ve Filistin halk\u0131n\u0131n me\u015fru haklar\u0131n\u0131 yeniden tesis etmek i\u00e7in \u00e7al\u0131\u015fman\u0131n \u00f6nemini vurgulad\u0131. Cumhurba\u015fkan\u0131 Esad, \u0130srail&#8217;in Filistin topraklar\u0131 ve L\u00fcbnan&#8217;a y\u00f6nelik devam eden sald\u0131rganl\u0131\u011f\u0131n\u0131n yans\u0131malar\u0131n\u0131 ve b\u00f6lgedeki durumdaki geli\u015fmeleri g\u00f6r\u00fc\u015fmek \u00fczere Riyad&#8217;da d\u00fczenlenen ola\u011fan\u00fcst\u00fc Arap ve \u0130slam &hellip;<\/p>\n","protected":false},"author":41,"featured_media":311331,"comment_status":"closed","ping_status":"closed","sticky":false,"template":"","format":"standard","meta":{"footnotes":""},"categories":[458,589,459,609,605,17988],"tags":[42865,42866,42867],"class_list":["post-311308","post","type-post","status-publish","format-standard","has-post-thumbnail","","category-dunya1","category-haber-seridi","category-haberler-arap-uluslararasi-politika","category-konusmalar","category-sayin-cumhurbaskani","category-son-haberler","tag-cumhurbaskani-esad-ihtiyacimiz-olan-sey","tag-siyonist-katliamlari","tag-soykirimi-ve-etnik-temizligi-durdurmak-icin-sahip-oldugumuz-araclari-kullanma-kararidir"],"_links":{"self":[{"href":"https:\/\/archive.sana.sy\/tr\/index.php?rest_route=\/wp\/v2\/posts\/311308","targetHints":{"allow":["GET"]}}],"collection":[{"href":"https:\/\/archive.sana.sy\/tr\/index.php?rest_route=\/wp\/v2\/posts"}],"about":[{"href":"https:\/\/archive.sana.sy\/tr\/index.php?rest_route=\/wp\/v2\/types\/post"}],"author":[{"embeddable":true,"href":"https:\/\/archive.sana.sy\/tr\/index.php?rest_route=\/wp\/v2\/users\/41"}],"replies":[{"embeddable":true,"href":"https:\/\/archive.sana.sy\/tr\/index.php?rest_route=%2Fwp%2Fv2%2Fcomments&post=311308"}],"version-history":[{"count":6,"href":"https:\/\/archive.sana.sy\/tr\/index.php?rest_route=\/wp\/v2\/posts\/311308\/revisions"}],"predecessor-version":[{"id":311337,"href":"https:\/\/archive.sana.sy\/tr\/index.php?rest_route=\/wp\/v2\/posts\/311308\/revisions\/311337"}],"wp:featuredmedia":[{"embeddable":true,"href":"https:\/\/archive.sana.sy\/tr\/index.php?rest_route=\/wp\/v2\/media\/311331"}],"wp:attachment":[{"href":"https:\/\/archive.sana.sy\/tr\/index.php?rest_route=%2Fwp%2Fv2%2Fmedia&parent=311308"}],"wp:term":[{"taxonomy":"category","embeddable":true,"href":"https:\/\/archive.sana.sy\/tr\/index.php?rest_route=%2Fwp%2Fv2%2Fcategories&post=311308"},{"taxonomy":"post_tag","embeddable":true,"href":"https:\/\/archive.sana.sy\/tr\/index.php?rest_route=%2Fwp%2Fv2%2Ftags&post=311308"}],"curies":[{"name":"wp","href":"https:\/\/api.w.org\/{rel}","templated":true}]}}