{"id":311323,"date":"2024-11-11T17:44:47","date_gmt":"2024-11-11T14:44:47","guid":{"rendered":"https:\/\/sana.sy\/tr\/?p=311323"},"modified":"2024-11-13T16:20:32","modified_gmt":"2024-11-13T13:20:32","slug":"cumhurbaskani-esad-prens-muhammed-bin-selman-ile-olaganustu-arap-ve-islam-zirvesinin-sonuclarinin-uygulanmasinin-onemini-gorustu","status":"publish","type":"post","link":"https:\/\/archive.sana.sy\/tr\/?p=311323","title":{"rendered":"Cumhurba\u015fkan\u0131 Esad, Prens Muhammed Bin Selman \u0130le Ola\u011fan\u00fcst\u00fc Arap Ve \u0130slam Zirvesinin Sonu\u00e7lar\u0131n\u0131n Uygulanmas\u0131n\u0131n \u00d6nemini G\u00f6r\u00fc\u015ft\u00fc"},"content":{"rendered":"<p style=\"text-align: justify;\"><span style=\"color: #ff0000;\"><strong>R\u0130YAD (SANA)<\/strong> <\/span>\u2013 Say\u0131n Cumhurba\u015fkan\u0131 Be\u015f\u015far Esad, Suudi \u00a0Arabistan Veliaht Prensi Prens Muhammed bin Selman ile \u00a0\u0130srail&#8217;in baz\u0131 b\u00f6lge \u00fclkelerine y\u00f6nelik sald\u0131rganl\u0131\u011f\u0131n\u0131n tehlikeli bi\u00e7imde t\u0131rmanmas\u0131 kar\u015f\u0131s\u0131nda bug\u00fcn ola\u011fan\u00fcst\u00fc Arap ve \u0130slam zirvesinin d\u00fczenlenmesinin \u00f6nemini ve bu zirvenin sonu\u00e7lar\u0131n\u0131n uygulanmas\u0131n\u0131n \u00f6nemini g\u00f6r\u00fc\u015ft\u00fc.<\/p>\n<p style=\"text-align: justify;\">Cumhurba\u015fkan\u0131 Esad ve Prens Muhammed bin Selman, Filistin meselesinin merkezili\u011fini ve b\u00f6lgedeki di\u011fer \u00fclkelere y\u00f6nelik sald\u0131r\u0131 kapsam\u0131n\u0131n geni\u015fletilmesi tehlikesini vurgulad\u0131.<\/p>\n<p style=\"text-align: justify;\">G\u00f6r\u00fc\u015fmede ayr\u0131ca iki karde\u015f \u00fclke aras\u0131ndaki ikili ili\u015fkiler ve bunlar\u0131 ortak \u00e7\u0131karlara hizmet edecek \u015fekilde geli\u015ftirmenin yollar\u0131 da ele al\u0131nd\u0131.<\/p>\n<p style=\"text-align: center;\"><strong><a href=\"https:\/\/t.me\/SuriyeArapHaberAjansI\">Telegram Kanal\u0131m\u0131z\u00a0<\/a><span style=\"color: #ff0000;\">||<\/span><a href=\"https:\/\/twitter.com\/arap_ajans\">X Platformumuz\u00a0<\/a><span style=\"color: #ff0000;\">||<\/span><a href=\"https:\/\/www.facebook.com\/SANAHaberAjansi\/\">Facebook Sayfam\u0131z<\/a><\/strong><\/p>\n","protected":false},"excerpt":{"rendered":"<p>R\u0130YAD (SANA) \u2013 Say\u0131n Cumhurba\u015fkan\u0131 Be\u015f\u015far Esad, Suudi \u00a0Arabistan Veliaht Prensi Prens Muhammed bin Selman ile \u00a0\u0130srail&#8217;in baz\u0131 b\u00f6lge \u00fclkelerine y\u00f6nelik sald\u0131rganl\u0131\u011f\u0131n\u0131n tehlikeli bi\u00e7imde t\u0131rmanmas\u0131 kar\u015f\u0131s\u0131nda bug\u00fcn ola\u011fan\u00fcst\u00fc Arap ve \u0130slam zirvesinin d\u00fczenlenmesinin \u00f6nemini ve bu zirvenin sonu\u00e7lar\u0131n\u0131n uygulanmas\u0131n\u0131n \u00f6nemini g\u00f6r\u00fc\u015ft\u00fc. Cumhurba\u015fkan\u0131 Esad ve Prens Muhammed bin Selman, Filistin meselesinin merkezili\u011fini ve b\u00f6lgedeki di\u011fer \u00fclkelere &hellip;<\/p>\n","protected":false},"author":41,"featured_media":311324,"comment_status":"closed","ping_status":"closed","sticky":false,"template":"","format":"standard","meta":{"footnotes":""},"categories":[606,458,589,459,605,17988],"tags":[38219,42863],"class_list":["post-311323","post","type-post","status-publish","format-standard","has-post-thumbnail","","category-cumhurbaskani","category-dunya1","category-haber-seridi","category-haberler-arap-uluslararasi-politika","category-sayin-cumhurbaskani","category-son-haberler","tag-cumhurbaskani-esad","tag-prens-muhammed-bin-selman-ile-olaganustu-arap-ve-islam-zirvesinin-sonuclarinin-uygulanmasinin-onemini-gorustu"],"_links":{"self":[{"href":"https:\/\/archive.sana.sy\/tr\/index.php?rest_route=\/wp\/v2\/posts\/311323","targetHints":{"allow":["GET"]}}],"collection":[{"href":"https:\/\/archive.sana.sy\/tr\/index.php?rest_route=\/wp\/v2\/posts"}],"about":[{"href":"https:\/\/archive.sana.sy\/tr\/index.php?rest_route=\/wp\/v2\/types\/post"}],"author":[{"embeddable":true,"href":"https:\/\/archive.sana.sy\/tr\/index.php?rest_route=\/wp\/v2\/users\/41"}],"replies":[{"embeddable":true,"href":"https:\/\/archive.sana.sy\/tr\/index.php?rest_route=%2Fwp%2Fv2%2Fcomments&post=311323"}],"version-history":[{"count":1,"href":"https:\/\/archive.sana.sy\/tr\/index.php?rest_route=\/wp\/v2\/posts\/311323\/revisions"}],"predecessor-version":[{"id":311325,"href":"https:\/\/archive.sana.sy\/tr\/index.php?rest_route=\/wp\/v2\/posts\/311323\/revisions\/311325"}],"wp:featuredmedia":[{"embeddable":true,"href":"https:\/\/archive.sana.sy\/tr\/index.php?rest_route=\/wp\/v2\/media\/311324"}],"wp:attachment":[{"href":"https:\/\/archive.sana.sy\/tr\/index.php?rest_route=%2Fwp%2Fv2%2Fmedia&parent=311323"}],"wp:term":[{"taxonomy":"category","embeddable":true,"href":"https:\/\/archive.sana.sy\/tr\/index.php?rest_route=%2Fwp%2Fv2%2Fcategories&post=311323"},{"taxonomy":"post_tag","embeddable":true,"href":"https:\/\/archive.sana.sy\/tr\/index.php?rest_route=%2Fwp%2Fv2%2Ftags&post=311323"}],"curies":[{"name":"wp","href":"https:\/\/api.w.org\/{rel}","templated":true}]}}