{"id":311401,"date":"2024-11-13T09:58:00","date_gmt":"2024-11-13T06:58:00","guid":{"rendered":"https:\/\/sana.sy\/tr\/?p=311401"},"modified":"2024-11-13T16:27:10","modified_gmt":"2024-11-13T13:27:10","slug":"israil-dusman-ucaklarinin-lubnanin-cesitli-bolgelerine-duzenledigi-baskinlarda-16-sehit","status":"publish","type":"post","link":"https:\/\/archive.sana.sy\/tr\/?p=311401","title":{"rendered":"\u0130srail D\u00fc\u015fman U\u00e7aklar\u0131n\u0131n L\u00fcbnan&#8217;\u0131n \u00c7e\u015fitli B\u00f6lgelerine D\u00fczenledi\u011fi Sald\u0131rganl\u0131klarda 16 \u015eehit"},"content":{"rendered":"<p style=\"text-align: justify;\"><strong>BEYRUT (SANA) &#8211;\u00a0<\/strong>\u0130srail d\u00fc\u015fman u\u00e7aklar\u0131n\u0131n d\u00fcn gece \u015euf il\u00e7esine ba\u011fl\u0131 Cun kasabas\u0131 ile Sur kenti ve il\u00e7esine d\u00fczenledi\u011fi sald\u0131rganl\u0131klarda 16 ki\u015fi \u015fehit d\u00fc\u015ft\u00fc, yakla\u015f\u0131k 36 ki\u015fi de yaraland\u0131.<\/p>\n<p style=\"text-align: justify;\">L\u00fcbnan Halk Sa\u011fl\u0131\u011f\u0131 Bakanl\u0131\u011f\u0131, \u0130srail&#8217;in \u015euf b\u00f6lgesindeki Joun&#8217;a d\u00fczenledi\u011fi hava sald\u0131r\u0131s\u0131nda sekizi kad\u0131n ve d\u00f6rd\u00fc \u00e7ocuk olmak \u00fczere on be\u015f ki\u015finin \u00f6l\u00fcm\u00fcne, on iki ki\u015finin de yaralanmas\u0131na yol a\u00e7t\u0131\u011f\u0131n\u0131 belirtti.<\/p>\n<p style=\"text-align: justify;\">Bakanl\u0131k ayr\u0131ca,\u00a0 &#8220;D\u00fc\u015fman \u0130srail&#8217;in Sur kenti ve il\u00e7esine y\u00f6nelik sald\u0131rganl\u0131klar\u0131nda da bir ki\u015fi \u015fehit d\u00fc\u015ft\u00fc, 24 ki\u015fi yaraland\u0131, moloz kald\u0131rma \u00e7al\u0131\u015fmalar\u0131 ise devam ediyor&#8221; ifadelerini s\u00f6zlerine ekledi.<\/p>\n<p style=\"text-align: center;\"><strong><a href=\"https:\/\/t.me\/SuriyeArapHaberAjansI\">Telegram Kanal\u0131m\u0131z\u00a0<\/a>||<a href=\"https:\/\/twitter.com\/arap_ajans\">X Platformumuz\u00a0<\/a>||<a href=\"https:\/\/www.facebook.com\/SANAHaberAjansi\/\">Facebook Sayfam\u0131z<\/a><\/strong><\/p>\n<p>&nbsp;<\/p>\n","protected":false},"excerpt":{"rendered":"<p>BEYRUT (SANA) &#8211;\u00a0\u0130srail d\u00fc\u015fman u\u00e7aklar\u0131n\u0131n d\u00fcn gece \u015euf il\u00e7esine ba\u011fl\u0131 Cun kasabas\u0131 ile Sur kenti ve il\u00e7esine d\u00fczenledi\u011fi sald\u0131rganl\u0131klarda 16 ki\u015fi \u015fehit d\u00fc\u015ft\u00fc, yakla\u015f\u0131k 36 ki\u015fi de yaraland\u0131. L\u00fcbnan Halk Sa\u011fl\u0131\u011f\u0131 Bakanl\u0131\u011f\u0131, \u0130srail&#8217;in \u015euf b\u00f6lgesindeki Joun&#8217;a d\u00fczenledi\u011fi hava sald\u0131r\u0131s\u0131nda sekizi kad\u0131n ve d\u00f6rd\u00fc \u00e7ocuk olmak \u00fczere on be\u015f ki\u015finin \u00f6l\u00fcm\u00fcne, on iki ki\u015finin de yaralanmas\u0131na &hellip;<\/p>\n","protected":false},"author":36,"featured_media":311402,"comment_status":"closed","ping_status":"closed","sticky":false,"template":"","format":"standard","meta":{"footnotes":""},"categories":[458,589,459,17988],"tags":[],"class_list":["post-311401","post","type-post","status-publish","format-standard","has-post-thumbnail","","category-dunya1","category-haber-seridi","category-haberler-arap-uluslararasi-politika","category-son-haberler"],"_links":{"self":[{"href":"https:\/\/archive.sana.sy\/tr\/index.php?rest_route=\/wp\/v2\/posts\/311401","targetHints":{"allow":["GET"]}}],"collection":[{"href":"https:\/\/archive.sana.sy\/tr\/index.php?rest_route=\/wp\/v2\/posts"}],"about":[{"href":"https:\/\/archive.sana.sy\/tr\/index.php?rest_route=\/wp\/v2\/types\/post"}],"author":[{"embeddable":true,"href":"https:\/\/archive.sana.sy\/tr\/index.php?rest_route=\/wp\/v2\/users\/36"}],"replies":[{"embeddable":true,"href":"https:\/\/archive.sana.sy\/tr\/index.php?rest_route=%2Fwp%2Fv2%2Fcomments&post=311401"}],"version-history":[{"count":3,"href":"https:\/\/archive.sana.sy\/tr\/index.php?rest_route=\/wp\/v2\/posts\/311401\/revisions"}],"predecessor-version":[{"id":311430,"href":"https:\/\/archive.sana.sy\/tr\/index.php?rest_route=\/wp\/v2\/posts\/311401\/revisions\/311430"}],"wp:featuredmedia":[{"embeddable":true,"href":"https:\/\/archive.sana.sy\/tr\/index.php?rest_route=\/wp\/v2\/media\/311402"}],"wp:attachment":[{"href":"https:\/\/archive.sana.sy\/tr\/index.php?rest_route=%2Fwp%2Fv2%2Fmedia&parent=311401"}],"wp:term":[{"taxonomy":"category","embeddable":true,"href":"https:\/\/archive.sana.sy\/tr\/index.php?rest_route=%2Fwp%2Fv2%2Fcategories&post=311401"},{"taxonomy":"post_tag","embeddable":true,"href":"https:\/\/archive.sana.sy\/tr\/index.php?rest_route=%2Fwp%2Fv2%2Ftags&post=311401"}],"curies":[{"name":"wp","href":"https:\/\/api.w.org\/{rel}","templated":true}]}}