{"id":311404,"date":"2024-11-13T11:47:37","date_gmt":"2024-11-13T08:47:37","guid":{"rendered":"https:\/\/sana.sy\/tr\/?p=311404"},"modified":"2024-11-13T16:24:42","modified_gmt":"2024-11-13T13:24:42","slug":"isgalin-gazze-seridindeki-alanlari-bombalamasi-sonucu-11-sehit-2","status":"publish","type":"post","link":"https:\/\/archive.sana.sy\/tr\/?p=311404","title":{"rendered":"\u0130\u015fgalin Gazze \u015eeridi&#8217;ndeki Alanlar\u0131 Bombalamas\u0131 Sonucu 11 \u015eehit"},"content":{"rendered":"<p style=\"text-align: justify;\"><strong>\u0130\u015eGAL ED\u0130LEN KUD\u00dcS (SANA) &#8211;<\/strong> i\u015fgalci \u0130srail&#8217;in Gazze \u015eeridi&#8217;ndeki baz\u0131 b\u00f6lgeleri bug\u00fcn bombalamas\u0131 sonucu 11 Filistinli \u015fehit oldu, \u00e7ok say\u0131da ki\u015fi de yaraland\u0131.<\/p>\n<p style=\"text-align: justify;\">WAFA Haber Ajans\u0131, i\u015fgalcilerin Gazze \u015eehri&#8217;ndeki El \u015eucaiye ve El Zaytun mahallelerini, merkezindeki El Nuseyratve El Bureyic kamp\u0131n\u0131, g\u00fcneyindeki Refah&#8217;taki Musabah b\u00f6lgesini, Kamal Adwan Hastanesi \u00e7evresini, kuzeyde Beyt Lahia ve Jabalia b\u00f6lgelerini bombalayarak 11 Filistinlinin \u015fehit d\u00fc\u015fmes\u015fne, onlarca ki\u015finin de yaralanmas\u0131na yol a\u00e7t\u0131\u011f\u0131n\u0131 belirtti.<\/p>\n<p style=\"text-align: justify;\">\u0130\u015fgal ayr\u0131ca, yard\u0131m ekiplerinin Gazze \u015eeridi&#8217;nin kuzeyinde \u00e7al\u0131\u015fmas\u0131n\u0131 engellemeye devam ederken, Sivil Savunma, \u0130srail&#8217;in devam eden bombard\u0131man\u0131 nedeniyle b\u00f6lgedeki hizmetlerinin 22. g\u00fcn boyunca zorla durduruldu\u011funu ve binlerce ki\u015finin insani ve t\u0131bbi bak\u0131mdan mahrum kalmas\u0131na neden oldu\u011funu vurgulad\u0131.<\/p>\n<p style=\"text-align: center;\"><strong><a href=\"https:\/\/t.me\/SuriyeArapHaberAjansI\">Telegram Kanal\u0131m\u0131z\u00a0<\/a>||<a href=\"https:\/\/twitter.com\/arap_ajans\">X Platformumuz\u00a0<\/a>||<a href=\"https:\/\/www.facebook.com\/SANAHaberAjansi\/\">Facebook Sayfam\u0131z<\/a><\/strong><\/p>\n","protected":false},"excerpt":{"rendered":"<p>\u0130\u015eGAL ED\u0130LEN KUD\u00dcS (SANA) &#8211; i\u015fgalci \u0130srail&#8217;in Gazze \u015eeridi&#8217;ndeki baz\u0131 b\u00f6lgeleri bug\u00fcn bombalamas\u0131 sonucu 11 Filistinli \u015fehit oldu, \u00e7ok say\u0131da ki\u015fi de yaraland\u0131. WAFA Haber Ajans\u0131, i\u015fgalcilerin Gazze \u015eehri&#8217;ndeki El \u015eucaiye ve El Zaytun mahallelerini, merkezindeki El Nuseyratve El Bureyic kamp\u0131n\u0131, g\u00fcneyindeki Refah&#8217;taki Musabah b\u00f6lgesini, Kamal Adwan Hastanesi \u00e7evresini, kuzeyde Beyt Lahia ve Jabalia b\u00f6lgelerini &hellip;<\/p>\n","protected":false},"author":36,"featured_media":311405,"comment_status":"closed","ping_status":"closed","sticky":false,"template":"","format":"standard","meta":{"footnotes":""},"categories":[458,589,459,17988],"tags":[],"class_list":["post-311404","post","type-post","status-publish","format-standard","has-post-thumbnail","","category-dunya1","category-haber-seridi","category-haberler-arap-uluslararasi-politika","category-son-haberler"],"_links":{"self":[{"href":"https:\/\/archive.sana.sy\/tr\/index.php?rest_route=\/wp\/v2\/posts\/311404","targetHints":{"allow":["GET"]}}],"collection":[{"href":"https:\/\/archive.sana.sy\/tr\/index.php?rest_route=\/wp\/v2\/posts"}],"about":[{"href":"https:\/\/archive.sana.sy\/tr\/index.php?rest_route=\/wp\/v2\/types\/post"}],"author":[{"embeddable":true,"href":"https:\/\/archive.sana.sy\/tr\/index.php?rest_route=\/wp\/v2\/users\/36"}],"replies":[{"embeddable":true,"href":"https:\/\/archive.sana.sy\/tr\/index.php?rest_route=%2Fwp%2Fv2%2Fcomments&post=311404"}],"version-history":[{"count":4,"href":"https:\/\/archive.sana.sy\/tr\/index.php?rest_route=\/wp\/v2\/posts\/311404\/revisions"}],"predecessor-version":[{"id":311428,"href":"https:\/\/archive.sana.sy\/tr\/index.php?rest_route=\/wp\/v2\/posts\/311404\/revisions\/311428"}],"wp:featuredmedia":[{"embeddable":true,"href":"https:\/\/archive.sana.sy\/tr\/index.php?rest_route=\/wp\/v2\/media\/311405"}],"wp:attachment":[{"href":"https:\/\/archive.sana.sy\/tr\/index.php?rest_route=%2Fwp%2Fv2%2Fmedia&parent=311404"}],"wp:term":[{"taxonomy":"category","embeddable":true,"href":"https:\/\/archive.sana.sy\/tr\/index.php?rest_route=%2Fwp%2Fv2%2Fcategories&post=311404"},{"taxonomy":"post_tag","embeddable":true,"href":"https:\/\/archive.sana.sy\/tr\/index.php?rest_route=%2Fwp%2Fv2%2Ftags&post=311404"}],"curies":[{"name":"wp","href":"https:\/\/api.w.org\/{rel}","templated":true}]}}