{"id":311407,"date":"2024-11-13T13:56:42","date_gmt":"2024-11-13T10:56:42","guid":{"rendered":"https:\/\/sana.sy\/tr\/?p=311407"},"modified":"2024-11-13T17:32:37","modified_gmt":"2024-11-13T14:32:37","slug":"rusya-koordinasyon-merkezi-sam-kirsalindaki-cisrin-koyu-halkina-insani-yardim-sagladi","status":"publish","type":"post","link":"https:\/\/archive.sana.sy\/tr\/?p=311407","title":{"rendered":"Rusya Koordinasyon Merkezi, \u015eam K\u0131rsal\u0131ndaki Cisrin K\u00f6y\u00fc Halk\u0131na \u0130nsani Yard\u0131m Sa\u011flad\u0131"},"content":{"rendered":"<p style=\"text-align: justify;\"><span style=\"color: #800000;\"><strong>\u015eAM KIRSALI (SANA) &#8211;<\/strong>\u00a0<\/span> Hmeimim&#8217;deki Rus koordinasyon merkezinden askeri personeller, \u015eam k\u0131rsal\u0131ndaki Cisrin k\u00f6y\u00fc halk\u0131na insani yard\u0131m sa\u011flad\u0131.<\/p>\n<p style=\"text-align: justify;\"><img loading=\"lazy\" decoding=\"async\" class=\"size-medium wp-image-311408 alignright\" src=\"http:\/\/sana.sy\/tr\/wp-content\/uploads\/2024\/11\/3-3-300x205.jpg\" alt=\"\" width=\"300\" height=\"205\" srcset=\"https:\/\/archive.sana.sy\/tr\/wp-content\/uploads\/2024\/11\/3-3-300x205.jpg 300w, https:\/\/archive.sana.sy\/tr\/wp-content\/uploads\/2024\/11\/3-3-110x75.jpg 110w, https:\/\/archive.sana.sy\/tr\/wp-content\/uploads\/2024\/11\/3-3.jpg 660w\" sizes=\"auto, (max-width: 300px) 100vw, 300px\" \/>SANA muhabiri, yard\u0131mlar\u0131n k\u00f6y okulunda da\u011f\u0131t\u0131ld\u0131\u011f\u0131n\u0131, burada Rus askerlerinin aralar\u0131nda &#8220;un, \u015feker, ay\u00e7i\u00e7ek ya\u011f\u0131, \u00e7ay ve konserve s\u00fct\u00fcn de bulundu\u011fu 3 tondan fazla g\u0131da yard\u0131m\u0131&#8221; da\u011f\u0131tt\u0131\u011f\u0131n\u0131 belirtti.<\/p>\n<p style=\"text-align: justify;\">Muhabir ayr\u0131ca, merkezdeki askeri doktorlar\u0131n okulda ge\u00e7ici bir t\u0131bbi muayene noktas\u0131 kurdu\u011funu, burada vatanda\u015flar\u0131n kabul edildi\u011fini, onlara yard\u0131m, t\u0131bbi tavsiye ve gerekli ila\u00e7lar\u0131n verildi\u011fini kaydetti.<\/p>\n<p style=\"text-align: justify;\">Okul y\u00f6netimi ve k\u00f6y yerel meclisinin temsilcileri, iki \u00fclke (Suriye ve Rusya) aras\u0131ndaki ili\u015fkilerin g\u00fcc\u00fcn\u00fc ifade eden bu giri\u015fimler ve destek i\u00e7in Rus ordusuna ve Rusya Federasyonu&#8217;na \u015f\u00fckranlar\u0131n\u0131 dile getirdi.<\/p>\n<p style=\"text-align: center;\"><strong><a href=\"https:\/\/t.me\/SuriyeArapHaberAjansI\">Telegram Kanal\u0131m\u0131z\u00a0<\/a>||<a href=\"https:\/\/twitter.com\/arap_ajans\">X Platformumuz\u00a0<\/a>||<a href=\"https:\/\/www.facebook.com\/SANAHaberAjansi\/\">Facebook Sayfam\u0131z<\/a><\/strong><\/p>\n<div id='gallery-1' class='gallery galleryid-311407 gallery-columns-3 gallery-size-full'><figure class='gallery-item'>\n\t\t\t<div class='gallery-icon landscape'>\n\t\t\t\t<a href='https:\/\/archive.sana.sy\/tr\/wp-content\/uploads\/2024\/11\/photo_2024-11-13_12-10-31.jpg'><img loading=\"lazy\" decoding=\"async\" width=\"660\" height=\"461\" src=\"https:\/\/archive.sana.sy\/tr\/wp-content\/uploads\/2024\/11\/photo_2024-11-13_12-10-31.jpg\" class=\"attachment-full size-full\" alt=\"\" srcset=\"https:\/\/archive.sana.sy\/tr\/wp-content\/uploads\/2024\/11\/photo_2024-11-13_12-10-31.jpg 660w, https:\/\/archive.sana.sy\/tr\/wp-content\/uploads\/2024\/11\/photo_2024-11-13_12-10-31-300x210.jpg 300w\" sizes=\"auto, (max-width: 660px) 100vw, 660px\" \/><\/a>\n\t\t\t<\/div><\/figure><figure class='gallery-item'>\n\t\t\t<div class='gallery-icon landscape'>\n\t\t\t\t<a href='https:\/\/archive.sana.sy\/tr\/wp-content\/uploads\/2024\/11\/photo_2024-11-13_12-10-45.jpg'><img loading=\"lazy\" decoding=\"async\" width=\"660\" height=\"440\" src=\"https:\/\/archive.sana.sy\/tr\/wp-content\/uploads\/2024\/11\/photo_2024-11-13_12-10-45.jpg\" class=\"attachment-full size-full\" alt=\"\" srcset=\"https:\/\/archive.sana.sy\/tr\/wp-content\/uploads\/2024\/11\/photo_2024-11-13_12-10-45.jpg 660w, https:\/\/archive.sana.sy\/tr\/wp-content\/uploads\/2024\/11\/photo_2024-11-13_12-10-45-300x200.jpg 300w\" sizes=\"auto, (max-width: 660px) 100vw, 660px\" \/><\/a>\n\t\t\t<\/div><\/figure><figure class='gallery-item'>\n\t\t\t<div class='gallery-icon landscape'>\n\t\t\t\t<a href='https:\/\/archive.sana.sy\/tr\/wp-content\/uploads\/2024\/11\/photo_2024-11-13_12-10-48.jpg'><img loading=\"lazy\" decoding=\"async\" width=\"660\" height=\"440\" src=\"https:\/\/archive.sana.sy\/tr\/wp-content\/uploads\/2024\/11\/photo_2024-11-13_12-10-48.jpg\" class=\"attachment-full size-full\" alt=\"\" srcset=\"https:\/\/archive.sana.sy\/tr\/wp-content\/uploads\/2024\/11\/photo_2024-11-13_12-10-48.jpg 660w, https:\/\/archive.sana.sy\/tr\/wp-content\/uploads\/2024\/11\/photo_2024-11-13_12-10-48-300x200.jpg 300w\" sizes=\"auto, (max-width: 660px) 100vw, 660px\" \/><\/a>\n\t\t\t<\/div><\/figure>\n\t\t<\/div>\n\n","protected":false},"excerpt":{"rendered":"<p>\u015eAM KIRSALI (SANA) &#8211;\u00a0 Hmeimim&#8217;deki Rus koordinasyon merkezinden askeri personeller, \u015eam k\u0131rsal\u0131ndaki Cisrin k\u00f6y\u00fc halk\u0131na insani yard\u0131m sa\u011flad\u0131. SANA muhabiri, yard\u0131mlar\u0131n k\u00f6y okulunda da\u011f\u0131t\u0131ld\u0131\u011f\u0131n\u0131, burada Rus askerlerinin aralar\u0131nda &#8220;un, \u015feker, ay\u00e7i\u00e7ek ya\u011f\u0131, \u00e7ay ve konserve s\u00fct\u00fcn de bulundu\u011fu 3 tondan fazla g\u0131da yard\u0131m\u0131&#8221; da\u011f\u0131tt\u0131\u011f\u0131n\u0131 belirtti. Muhabir ayr\u0131ca, merkezdeki askeri doktorlar\u0131n okulda ge\u00e7ici bir t\u0131bbi muayene &hellip;<\/p>\n","protected":false},"author":36,"featured_media":311412,"comment_status":"closed","ping_status":"closed","sticky":false,"template":"","format":"standard","meta":{"footnotes":""},"categories":[596,589,479,17988,478],"tags":[42874,42875],"class_list":["post-311407","post","type-post","status-publish","format-standard","has-post-thumbnail","","category-fotografli-raporlar","category-haber-seridi","category-haberler-yerel","category-son-haberler","category-yerel","tag-rusya-koordinasyon-merkezi","tag-sam-kirsalindaki-cisrin-koyu-halkina-insani-yardim-sagladi"],"_links":{"self":[{"href":"https:\/\/archive.sana.sy\/tr\/index.php?rest_route=\/wp\/v2\/posts\/311407","targetHints":{"allow":["GET"]}}],"collection":[{"href":"https:\/\/archive.sana.sy\/tr\/index.php?rest_route=\/wp\/v2\/posts"}],"about":[{"href":"https:\/\/archive.sana.sy\/tr\/index.php?rest_route=\/wp\/v2\/types\/post"}],"author":[{"embeddable":true,"href":"https:\/\/archive.sana.sy\/tr\/index.php?rest_route=\/wp\/v2\/users\/36"}],"replies":[{"embeddable":true,"href":"https:\/\/archive.sana.sy\/tr\/index.php?rest_route=%2Fwp%2Fv2%2Fcomments&post=311407"}],"version-history":[{"count":4,"href":"https:\/\/archive.sana.sy\/tr\/index.php?rest_route=\/wp\/v2\/posts\/311407\/revisions"}],"predecessor-version":[{"id":311453,"href":"https:\/\/archive.sana.sy\/tr\/index.php?rest_route=\/wp\/v2\/posts\/311407\/revisions\/311453"}],"wp:featuredmedia":[{"embeddable":true,"href":"https:\/\/archive.sana.sy\/tr\/index.php?rest_route=\/wp\/v2\/media\/311412"}],"wp:attachment":[{"href":"https:\/\/archive.sana.sy\/tr\/index.php?rest_route=%2Fwp%2Fv2%2Fmedia&parent=311407"}],"wp:term":[{"taxonomy":"category","embeddable":true,"href":"https:\/\/archive.sana.sy\/tr\/index.php?rest_route=%2Fwp%2Fv2%2Fcategories&post=311407"},{"taxonomy":"post_tag","embeddable":true,"href":"https:\/\/archive.sana.sy\/tr\/index.php?rest_route=%2Fwp%2Fv2%2Ftags&post=311407"}],"curies":[{"name":"wp","href":"https:\/\/api.w.org\/{rel}","templated":true}]}}